{"id":50325,"date":"2026-09-01T09:29:31","date_gmt":"2026-09-01T07:29:31","guid":{"rendered":"https:\/\/pressroom-rbt.com\/?p=50325"},"modified":"2026-09-01T09:29:31","modified_gmt":"2026-09-01T07:29:31","slug":"feller-sa-elargit-son-portefeuille-knx-de-deux-nouvelles-unites-fonctionnelles","status":"publish","type":"post","link":"https:\/\/pressroom-rbt.com\/fr\/feller-sa-elargit-son-portefeuille-knx-de-deux-nouvelles-unites-fonctionnelles\/","title":{"rendered":"Feller SA \u00e9largit son portefeuille KNX de deux nouvelles unit\u00e9s fonctionnelles"},"content":{"rendered":"<p>Avec les nouvelles unit\u00e9s fonctionnelles KNX RGB Basic 1\u20134\u00d7 et KNX RGB Pro 1\u20134x, Feller SA, \u00e0 Horgen, \u00e9largit d\u00e8s \u00e0 pr\u00e9sent son portefeuille KNX aux immeubles r\u00e9sidentiels et espaces tertiaires. Les deux variantes reposent sur une conception universelle d\u2019appareils avec des configurations en commande simple, double ou quadruple et prennent en charge KNX Data Secure. Elles se laissent en plus combiner avec les six lignes de design EDIZIO.liv, EDIZIO.liv prestige, EDIZIOdue, STANDARDdue, NEVO et Feller ELEMENT. Alors que la version Basic couvre les applications KNX classiques, la version Pro ajoute des fonctionnalit\u00e9s en int\u00e9grant des capteurs de CO\u2082, d\u2019humidit\u00e9 et de temp\u00e9rature, ainsi que des fonctions logiques locales pour des automatisations d\u00e9centralis\u00e9es. Cette solution flexible offre aux concepteurs, int\u00e9grateurs et \u00e9lectriciens la cybers\u00e9curit\u00e9 KNX, une grande flexibilit\u00e9 dans le design et, selon le mod\u00e8le, des fonctionnalit\u00e9s pour surveiller le climat int\u00e9rieur, le tout dans un seul appareil.<\/p>\n<p><strong>Deux variantes pour r\u00e9pondre aux besoins vari\u00e9s des projets<\/strong><\/p>\n<p>En proposant deux versions, Basic et Pro, les unit\u00e9s fonctionnelles s\u2019adaptent parfaitement aux exigences de chaque projet. Les deux variantes prennent en charge KNX Data Secure, autorisant ainsi une communication crypt\u00e9e et authentifi\u00e9e, conforme \u00e0 la norme KNX. Cette approche am\u00e9liore la protection contre les acc\u00e8s non autoris\u00e9s et les tentatives de manipulation, tout en r\u00e9pondant aux exigences toujours plus strictes en cybers\u00e9curit\u00e9 des b\u00e2timents contemporains.<\/p>\n<p>La version Pro se distingue par l\u2019int\u00e9gration de capteurs de CO\u2082, d\u2019humidit\u00e9 et de temp\u00e9rature, offrant ainsi la possibilit\u00e9 de mettre en \u0153uvre diverses applications de surveillance du climat int\u00e9rieur sans n\u00e9cessiter l\u2019ajout de capteurs externes. Sa LED RGB programmable permet par exemple d\u2019afficher la qualit\u00e9 de l\u2019air via un indicateur CO\u2082 tricolore. En cas de valeurs \u00e9lev\u00e9es de CO\u2082, la LED change de couleur pour signaler un besoin imm\u00e9diat de ventilation.<\/p>\n<p>Des fonctions automatis\u00e9es peuvent en plus \u00eatre configur\u00e9es. Si les niveaux de CO\u2082, d\u2019humidit\u00e9 ou de temp\u00e9rature ambiante d\u2019une pi\u00e8ce d\u00e9passent des seuils pr\u00e9d\u00e9finis, des syst\u00e8mes de ventilation, des fen\u00eatres motoris\u00e9es ou des stores sont automatiquement activ\u00e9s. Ceci permet d\u2019ajuster de mani\u00e8re pr\u00e9cise le climat int\u00e9rieur et d\u2019am\u00e9liorer l\u2019efficacit\u00e9 \u00e9nerg\u00e9tique.<\/p>\n<p>Ces fonctionnalit\u00e9s sont rendues possibles par la Threshold Logic, ou logique de seuil, int\u00e9gr\u00e9e dans la version Pro. Elle permet de piloter directement dans l\u2019appareil les fonctions de seuils et les automatismes simples, ce qui \u00e9limine l\u2019ajout de modules logiques externes. Cette solution diminue les besoins en programmation et simplifie l\u2019architecture du syst\u00e8me.<\/p>\n<p><strong>Une flexibilit\u00e9 maximale \u00e0 toutes les \u00e9tapes d\u2019un projet<\/strong><\/p>\n<p>Un avantage majeur de cet appareil r\u00e9side dans son adaptabilit\u00e9. Une seule et m\u00eame unit\u00e9 fonctionnelle prend en charge jusqu\u2019\u00e0 quatre points de commande et peut \u00eatre \u00e9tendue \u00e0 tout moment gr\u00e2ce \u00e0 un nouveau recouvrement et une adaptation de la configuration dans l\u2019ETS. Elle est compatible avec les six lignes de design Feller <a href=\"https:\/\/www.feller.ch\/fr\/lignes-de-design\/edizioliv\">EDIZIO.liv<\/a>, <a href=\"https:\/\/www.feller.ch\/fr\/lignes-de-design\/edizio.liv-prestige\">EDIZIO.liv prestige<\/a>, <a href=\"https:\/\/www.feller.ch\/fr\/lignes-de-design\/ediziodue-colore\">EDIZIOdue<\/a>, <a href=\"https:\/\/www.feller.ch\/fr\/lignes-de-design\/standarddue\">STANDARDdue<\/a>, <a href=\"https:\/\/www.feller.ch\/fr\/lignes-de-design\/nevo\">NEVO<\/a> et <a href=\"https:\/\/www.feller.ch\/fr\/lignes-de-design\/feller-element\">Feller ELEMENT<\/a>. Cela permet de garder une libert\u00e9 totale dans les d\u00e9cisions de design et de commande, m\u00eame \u00e0 des \u00e9tapes avanc\u00e9es du projet.<\/p>\n<p><strong>Montage flexible et \u00e9volutivit\u00e9 \u00e0 long terme<\/strong><\/p>\n<p>Pour une flexibilit\u00e9 accrue lors de l\u2019installation, les nouvelles unit\u00e9s fonctionnelles KNX RGB Basic et Pro, 1\u20134x, peuvent se monter avec le syst\u00e8me de fixation brevet\u00e9 et sans outil <a href=\"https:\/\/www.feller.ch\/fr\/gamme\/snapfix\/systeme-de-fixation\">SNAPFIX\u00ae<\/a> ou avec le syst\u00e8me \u00e0 ba\u00efonnette. Par ailleurs, les mises \u00e0 jour du firmware via le bus KNX permettent d\u2019\u00e9largir les fonctionnalit\u00e9s des appareils d\u00e9j\u00e0 install\u00e9s, afin d\u2019assurer une s\u00e9curit\u00e9 d\u2019investissement sur toute la dur\u00e9e de vie du produit.<\/p>\n<p>Plus d\u2019informations sur les nouvelles unit\u00e9s fonctionnelles KNX RGB Basic et Pro 1\u20134x sur <a href=\"https:\/\/www.feller.ch\/fr\/connected-buildings\/knx\/capteurs\/feller-4\">feller.ch\/feller-4<\/a>.<\/p>\n<input class=\"fooboxshare_post_id\" type=\"hidden\" value=\"50325\"\/>","protected":false},"excerpt":{"rendered":"<p>Les nouvelles unit\u00e9s fonctionnelles KNX, RGB Basic et Pro 1\u20134x reposent sur une conception d\u2019appareils unifi\u00e9e. La version Basic couvre les besoins des applications KNX tandis que la version Pro va plus loin en int\u00e9grant des capteurs et des fonctions logiques avanc\u00e9es, id\u00e9ales pour les projets Smart Building exigeants.<\/p>\n","protected":false},"author":49,"featured_media":50312,"comment_status":"closed","ping_status":"closed","sticky":false,"template":"","format":"standard","meta":{"_acf_changed":false,"footnotes":""},"categories":[476,464,466,474,482,472,473],"tags":[540],"class_list":{"0":"post-50325","1":"post","2":"type-post","3":"status-publish","4":"format-standard","5":"has-post-thumbnail","7":"category-automatisation-des-batiments","8":"category-energie-fr","9":"category-gestion-de-lenergie-energie","10":"category-gestion-de-lenergie-solutions-de-construction","11":"category-maison-intelligente","12":"category-solutions-de-construction","13":"category-technique-declairage","14":"tag-feller-ag-fr"},"acf":[],"yoast_head":"<!-- This site is optimized with the Yoast SEO plugin v27.8 - https:\/\/yoast.com\/product\/yoast-seo-wordpress\/ -->\n<title>Feller SA \u00e9largit son portefeuille KNX de deux nouvelles unit\u00e9s fonctionnelles - rbt:PRESSROOM<\/title>\n<meta name=\"robots\" content=\"index, follow, max-snippet:-1, max-image-preview:large, max-video-preview:-1\" \/>\n<link rel=\"canonical\" href=\"https:\/\/pressroom-rbt.com\/fr\/feller-sa-elargit-son-portefeuille-knx-de-deux-nouvelles-unites-fonctionnelles\/\" \/>\n<meta property=\"og:locale\" content=\"fr_FR\" \/>\n<meta property=\"og:type\" content=\"article\" \/>\n<meta property=\"og:title\" content=\"Feller SA \u00e9largit son portefeuille KNX de deux nouvelles unit\u00e9s fonctionnelles - rbt:PRESSROOM\" \/>\n<meta property=\"og:description\" content=\"Les nouvelles unit\u00e9s fonctionnelles KNX, RGB Basic et Pro 1\u20134x reposent sur une conception d\u2019appareils unifi\u00e9e. La version Basic couvre les besoins des applications KNX tandis que la version Pro va plus loin en int\u00e9grant des capteurs et des fonctions logiques avanc\u00e9es, id\u00e9ales pour les projets Smart Building exigeants.\" \/>\n<meta property=\"og:url\" content=\"https:\/\/pressroom-rbt.com\/fr\/feller-sa-elargit-son-portefeuille-knx-de-deux-nouvelles-unites-fonctionnelles\/\" \/>\n<meta property=\"og:site_name\" content=\"rbt:PRESSROOM\" \/>\n<meta property=\"article:published_time\" content=\"2026-09-01T07:29:31+00:00\" \/>\n<meta property=\"og:image\" content=\"https:\/\/pressroom-rbt.com\/rbt\/uploads\/2026\/09\/Feller_KNX_Funktionseinsatz_Produktbild-1.jpg\" \/>\n\t<meta property=\"og:image:width\" content=\"1920\" \/>\n\t<meta property=\"og:image:height\" content=\"1920\" \/>\n\t<meta property=\"og:image:type\" content=\"image\/jpeg\" \/>\n<meta name=\"author\" content=\"Nathalie Stellmann\" \/>\n<meta name=\"twitter:card\" content=\"summary_large_image\" \/>\n<meta name=\"twitter:label1\" content=\"\u00c9crit par\" \/>\n\t<meta name=\"twitter:data1\" content=\"Nathalie Stellmann\" \/>\n\t<meta name=\"twitter:label2\" content=\"Dur\u00e9e de lecture estim\u00e9e\" \/>\n\t<meta name=\"twitter:data2\" content=\"4 minutes\" \/>\n<script type=\"application\/ld+json\" class=\"yoast-schema-graph\">{\"@context\":\"https:\\\/\\\/schema.org\",\"@graph\":[{\"@type\":\"Article\",\"@id\":\"https:\\\/\\\/pressroom-rbt.com\\\/fr\\\/feller-sa-elargit-son-portefeuille-knx-de-deux-nouvelles-unites-fonctionnelles\\\/#article\",\"isPartOf\":{\"@id\":\"https:\\\/\\\/pressroom-rbt.com\\\/fr\\\/feller-sa-elargit-son-portefeuille-knx-de-deux-nouvelles-unites-fonctionnelles\\\/\"},\"author\":{\"name\":\"Nathalie Stellmann\",\"@id\":\"https:\\\/\\\/pressroom-rbt.com\\\/#\\\/schema\\\/person\\\/e173c7e3bb1364adb6a733177a483e00\"},\"headline\":\"Feller SA \u00e9largit son portefeuille KNX de deux nouvelles unit\u00e9s fonctionnelles\",\"datePublished\":\"2026-09-01T07:29:31+00:00\",\"mainEntityOfPage\":{\"@id\":\"https:\\\/\\\/pressroom-rbt.com\\\/fr\\\/feller-sa-elargit-son-portefeuille-knx-de-deux-nouvelles-unites-fonctionnelles\\\/\"},\"wordCount\":680,\"image\":{\"@id\":\"https:\\\/\\\/pressroom-rbt.com\\\/fr\\\/feller-sa-elargit-son-portefeuille-knx-de-deux-nouvelles-unites-fonctionnelles\\\/#primaryimage\"},\"thumbnailUrl\":\"https:\\\/\\\/pressroom-rbt.com\\\/rbt\\\/uploads\\\/2026\\\/09\\\/Feller_KNX_Funktionseinsatz_Produktbild-1.jpg\",\"keywords\":[\"Feller AG\"],\"articleSection\":[\"Automatisation des b\u00e2timents\",\"\u00c9nergie\",\"Gestion de l\u2019\u00e9nergie (\u00e9nergie)\",\"Gestion de l\u2019\u00e9nergie (solutions de construction)\",\"Maison intelligente\",\"Solutions de construction\",\"Technique d\u2019\u00e9clairage\"],\"inLanguage\":\"fr-FR\"},{\"@type\":\"WebPage\",\"@id\":\"https:\\\/\\\/pressroom-rbt.com\\\/fr\\\/feller-sa-elargit-son-portefeuille-knx-de-deux-nouvelles-unites-fonctionnelles\\\/\",\"url\":\"https:\\\/\\\/pressroom-rbt.com\\\/fr\\\/feller-sa-elargit-son-portefeuille-knx-de-deux-nouvelles-unites-fonctionnelles\\\/\",\"name\":\"Feller SA \u00e9largit son portefeuille KNX de deux nouvelles unit\u00e9s fonctionnelles - rbt:PRESSROOM\",\"isPartOf\":{\"@id\":\"https:\\\/\\\/pressroom-rbt.com\\\/#website\"},\"primaryImageOfPage\":{\"@id\":\"https:\\\/\\\/pressroom-rbt.com\\\/fr\\\/feller-sa-elargit-son-portefeuille-knx-de-deux-nouvelles-unites-fonctionnelles\\\/#primaryimage\"},\"image\":{\"@id\":\"https:\\\/\\\/pressroom-rbt.com\\\/fr\\\/feller-sa-elargit-son-portefeuille-knx-de-deux-nouvelles-unites-fonctionnelles\\\/#primaryimage\"},\"thumbnailUrl\":\"https:\\\/\\\/pressroom-rbt.com\\\/rbt\\\/uploads\\\/2026\\\/09\\\/Feller_KNX_Funktionseinsatz_Produktbild-1.jpg\",\"datePublished\":\"2026-09-01T07:29:31+00:00\",\"author\":{\"@id\":\"https:\\\/\\\/pressroom-rbt.com\\\/#\\\/schema\\\/person\\\/e173c7e3bb1364adb6a733177a483e00\"},\"breadcrumb\":{\"@id\":\"https:\\\/\\\/pressroom-rbt.com\\\/fr\\\/feller-sa-elargit-son-portefeuille-knx-de-deux-nouvelles-unites-fonctionnelles\\\/#breadcrumb\"},\"inLanguage\":\"fr-FR\",\"potentialAction\":[{\"@type\":\"ReadAction\",\"target\":[\"https:\\\/\\\/pressroom-rbt.com\\\/fr\\\/feller-sa-elargit-son-portefeuille-knx-de-deux-nouvelles-unites-fonctionnelles\\\/\"]}]},{\"@type\":\"ImageObject\",\"inLanguage\":\"fr-FR\",\"@id\":\"https:\\\/\\\/pressroom-rbt.com\\\/fr\\\/feller-sa-elargit-son-portefeuille-knx-de-deux-nouvelles-unites-fonctionnelles\\\/#primaryimage\",\"url\":\"https:\\\/\\\/pressroom-rbt.com\\\/rbt\\\/uploads\\\/2026\\\/09\\\/Feller_KNX_Funktionseinsatz_Produktbild-1.jpg\",\"contentUrl\":\"https:\\\/\\\/pressroom-rbt.com\\\/rbt\\\/uploads\\\/2026\\\/09\\\/Feller_KNX_Funktionseinsatz_Produktbild-1.jpg\",\"width\":1920,\"height\":1920},{\"@type\":\"BreadcrumbList\",\"@id\":\"https:\\\/\\\/pressroom-rbt.com\\\/fr\\\/feller-sa-elargit-son-portefeuille-knx-de-deux-nouvelles-unites-fonctionnelles\\\/#breadcrumb\",\"itemListElement\":[{\"@type\":\"ListItem\",\"position\":1,\"name\":\"Startseite\",\"item\":\"https:\\\/\\\/pressroom-rbt.com\\\/fr\\\/\"},{\"@type\":\"ListItem\",\"position\":2,\"name\":\"Feller SA \u00e9largit son portefeuille KNX de deux nouvelles unit\u00e9s fonctionnelles\"}]},{\"@type\":\"WebSite\",\"@id\":\"https:\\\/\\\/pressroom-rbt.com\\\/#website\",\"url\":\"https:\\\/\\\/pressroom-rbt.com\\\/\",\"name\":\"rbt:PRESSROOM\",\"description\":\"Das Online Tool f\u00fcr moderne Pressearbeit\",\"potentialAction\":[{\"@type\":\"SearchAction\",\"target\":{\"@type\":\"EntryPoint\",\"urlTemplate\":\"https:\\\/\\\/pressroom-rbt.com\\\/?s={search_term_string}\"},\"query-input\":{\"@type\":\"PropertyValueSpecification\",\"valueRequired\":true,\"valueName\":\"search_term_string\"}}],\"inLanguage\":\"fr-FR\"},{\"@type\":\"Person\",\"@id\":\"https:\\\/\\\/pressroom-rbt.com\\\/#\\\/schema\\\/person\\\/e173c7e3bb1364adb6a733177a483e00\",\"name\":\"Nathalie Stellmann\"}]}<\/script>\n<!-- \/ Yoast SEO plugin. -->","yoast_head_json":{"title":"Feller SA \u00e9largit son portefeuille KNX de deux nouvelles unit\u00e9s fonctionnelles - rbt:PRESSROOM","robots":{"index":"index","follow":"follow","max-snippet":"max-snippet:-1","max-image-preview":"max-image-preview:large","max-video-preview":"max-video-preview:-1"},"canonical":"https:\/\/pressroom-rbt.com\/fr\/feller-sa-elargit-son-portefeuille-knx-de-deux-nouvelles-unites-fonctionnelles\/","og_locale":"fr_FR","og_type":"article","og_title":"Feller SA \u00e9largit son portefeuille KNX de deux nouvelles unit\u00e9s fonctionnelles - rbt:PRESSROOM","og_description":"Les nouvelles unit\u00e9s fonctionnelles KNX, RGB Basic et Pro 1\u20134x reposent sur une conception d\u2019appareils unifi\u00e9e. La version Basic couvre les besoins des applications KNX tandis que la version Pro va plus loin en int\u00e9grant des capteurs et des fonctions logiques avanc\u00e9es, id\u00e9ales pour les projets Smart Building exigeants.","og_url":"https:\/\/pressroom-rbt.com\/fr\/feller-sa-elargit-son-portefeuille-knx-de-deux-nouvelles-unites-fonctionnelles\/","og_site_name":"rbt:PRESSROOM","article_published_time":"2026-09-01T07:29:31+00:00","og_image":[{"width":1920,"height":1920,"url":"https:\/\/pressroom-rbt.com\/rbt\/uploads\/2026\/09\/Feller_KNX_Funktionseinsatz_Produktbild-1.jpg","type":"image\/jpeg"}],"author":"Nathalie Stellmann","twitter_card":"summary_large_image","twitter_misc":{"\u00c9crit par":"Nathalie Stellmann","Dur\u00e9e de lecture estim\u00e9e":"4 minutes"},"schema":{"@context":"https:\/\/schema.org","@graph":[{"@type":"Article","@id":"https:\/\/pressroom-rbt.com\/fr\/feller-sa-elargit-son-portefeuille-knx-de-deux-nouvelles-unites-fonctionnelles\/#article","isPartOf":{"@id":"https:\/\/pressroom-rbt.com\/fr\/feller-sa-elargit-son-portefeuille-knx-de-deux-nouvelles-unites-fonctionnelles\/"},"author":{"name":"Nathalie Stellmann","@id":"https:\/\/pressroom-rbt.com\/#\/schema\/person\/e173c7e3bb1364adb6a733177a483e00"},"headline":"Feller SA \u00e9largit son portefeuille KNX de deux nouvelles unit\u00e9s fonctionnelles","datePublished":"2026-09-01T07:29:31+00:00","mainEntityOfPage":{"@id":"https:\/\/pressroom-rbt.com\/fr\/feller-sa-elargit-son-portefeuille-knx-de-deux-nouvelles-unites-fonctionnelles\/"},"wordCount":680,"image":{"@id":"https:\/\/pressroom-rbt.com\/fr\/feller-sa-elargit-son-portefeuille-knx-de-deux-nouvelles-unites-fonctionnelles\/#primaryimage"},"thumbnailUrl":"https:\/\/pressroom-rbt.com\/rbt\/uploads\/2026\/09\/Feller_KNX_Funktionseinsatz_Produktbild-1.jpg","keywords":["Feller AG"],"articleSection":["Automatisation des b\u00e2timents","\u00c9nergie","Gestion de l\u2019\u00e9nergie (\u00e9nergie)","Gestion de l\u2019\u00e9nergie (solutions de construction)","Maison intelligente","Solutions de construction","Technique d\u2019\u00e9clairage"],"inLanguage":"fr-FR"},{"@type":"WebPage","@id":"https:\/\/pressroom-rbt.com\/fr\/feller-sa-elargit-son-portefeuille-knx-de-deux-nouvelles-unites-fonctionnelles\/","url":"https:\/\/pressroom-rbt.com\/fr\/feller-sa-elargit-son-portefeuille-knx-de-deux-nouvelles-unites-fonctionnelles\/","name":"Feller SA \u00e9largit son portefeuille KNX de deux nouvelles unit\u00e9s fonctionnelles - rbt:PRESSROOM","isPartOf":{"@id":"https:\/\/pressroom-rbt.com\/#website"},"primaryImageOfPage":{"@id":"https:\/\/pressroom-rbt.com\/fr\/feller-sa-elargit-son-portefeuille-knx-de-deux-nouvelles-unites-fonctionnelles\/#primaryimage"},"image":{"@id":"https:\/\/pressroom-rbt.com\/fr\/feller-sa-elargit-son-portefeuille-knx-de-deux-nouvelles-unites-fonctionnelles\/#primaryimage"},"thumbnailUrl":"https:\/\/pressroom-rbt.com\/rbt\/uploads\/2026\/09\/Feller_KNX_Funktionseinsatz_Produktbild-1.jpg","datePublished":"2026-09-01T07:29:31+00:00","author":{"@id":"https:\/\/pressroom-rbt.com\/#\/schema\/person\/e173c7e3bb1364adb6a733177a483e00"},"breadcrumb":{"@id":"https:\/\/pressroom-rbt.com\/fr\/feller-sa-elargit-son-portefeuille-knx-de-deux-nouvelles-unites-fonctionnelles\/#breadcrumb"},"inLanguage":"fr-FR","potentialAction":[{"@type":"ReadAction","target":["https:\/\/pressroom-rbt.com\/fr\/feller-sa-elargit-son-portefeuille-knx-de-deux-nouvelles-unites-fonctionnelles\/"]}]},{"@type":"ImageObject","inLanguage":"fr-FR","@id":"https:\/\/pressroom-rbt.com\/fr\/feller-sa-elargit-son-portefeuille-knx-de-deux-nouvelles-unites-fonctionnelles\/#primaryimage","url":"https:\/\/pressroom-rbt.com\/rbt\/uploads\/2026\/09\/Feller_KNX_Funktionseinsatz_Produktbild-1.jpg","contentUrl":"https:\/\/pressroom-rbt.com\/rbt\/uploads\/2026\/09\/Feller_KNX_Funktionseinsatz_Produktbild-1.jpg","width":1920,"height":1920},{"@type":"BreadcrumbList","@id":"https:\/\/pressroom-rbt.com\/fr\/feller-sa-elargit-son-portefeuille-knx-de-deux-nouvelles-unites-fonctionnelles\/#breadcrumb","itemListElement":[{"@type":"ListItem","position":1,"name":"Startseite","item":"https:\/\/pressroom-rbt.com\/fr\/"},{"@type":"ListItem","position":2,"name":"Feller SA \u00e9largit son portefeuille KNX de deux nouvelles unit\u00e9s fonctionnelles"}]},{"@type":"WebSite","@id":"https:\/\/pressroom-rbt.com\/#website","url":"https:\/\/pressroom-rbt.com\/","name":"rbt:PRESSROOM","description":"Das Online Tool f\u00fcr moderne Pressearbeit","potentialAction":[{"@type":"SearchAction","target":{"@type":"EntryPoint","urlTemplate":"https:\/\/pressroom-rbt.com\/?s={search_term_string}"},"query-input":{"@type":"PropertyValueSpecification","valueRequired":true,"valueName":"search_term_string"}}],"inLanguage":"fr-FR"},{"@type":"Person","@id":"https:\/\/pressroom-rbt.com\/#\/schema\/person\/e173c7e3bb1364adb6a733177a483e00","name":"Nathalie Stellmann"}]}},"_links":{"self":[{"href":"https:\/\/pressroom-rbt.com\/fr\/wp-json\/wp\/v2\/posts\/50325","targetHints":{"allow":["GET"]}}],"collection":[{"href":"https:\/\/pressroom-rbt.com\/fr\/wp-json\/wp\/v2\/posts"}],"about":[{"href":"https:\/\/pressroom-rbt.com\/fr\/wp-json\/wp\/v2\/types\/post"}],"author":[{"embeddable":true,"href":"https:\/\/pressroom-rbt.com\/fr\/wp-json\/wp\/v2\/users\/49"}],"replies":[{"embeddable":true,"href":"https:\/\/pressroom-rbt.com\/fr\/wp-json\/wp\/v2\/comments?post=50325"}],"version-history":[{"count":2,"href":"https:\/\/pressroom-rbt.com\/fr\/wp-json\/wp\/v2\/posts\/50325\/revisions"}],"predecessor-version":[{"id":50331,"href":"https:\/\/pressroom-rbt.com\/fr\/wp-json\/wp\/v2\/posts\/50325\/revisions\/50331"}],"wp:featuredmedia":[{"embeddable":true,"href":"https:\/\/pressroom-rbt.com\/fr\/wp-json\/wp\/v2\/media\/50312"}],"wp:attachment":[{"href":"https:\/\/pressroom-rbt.com\/fr\/wp-json\/wp\/v2\/media?parent=50325"}],"wp:term":[{"taxonomy":"category","embeddable":true,"href":"https:\/\/pressroom-rbt.com\/fr\/wp-json\/wp\/v2\/categories?post=50325"},{"taxonomy":"post_tag","embeddable":true,"href":"https:\/\/pressroom-rbt.com\/fr\/wp-json\/wp\/v2\/tags?post=50325"}],"curies":[{"name":"wp","href":"https:\/\/api.w.org\/{rel}","templated":true}]}}