{"id":50433,"date":"2026-09-03T09:40:11","date_gmt":"2026-09-03T07:40:11","guid":{"rendered":"https:\/\/pressroom-rbt.com\/?p=50433"},"modified":"2026-09-03T09:40:11","modified_gmt":"2026-09-03T07:40:11","slug":"feller-sa-met-sur-le-marche-de-nouveaux-capteurs-de-temperature-ambiante-avec-ecran-pour-wiser-by-feller","status":"publish","type":"post","link":"https:\/\/pressroom-rbt.com\/fr\/feller-sa-met-sur-le-marche-de-nouveaux-capteurs-de-temperature-ambiante-avec-ecran-pour-wiser-by-feller\/","title":{"rendered":"Feller SA met sur le march\u00e9 de nouveaux capteurs de temp\u00e9rature ambiante avec \u00e9cran pour Wiser by Feller"},"content":{"rendered":"<p>Avec son nouveau capteur de temp\u00e9rature ambiante Wiser avec \u00e9cran et son capteur de temp\u00e9rature ambiante Wiser CO\u2082 avec \u00e9cran, Feller SA (\u00e0 Horgen) \u00e9largit \u00e0 pr\u00e9sent son offre d&rsquo;appareils de r\u00e9gulation ambiante intelligents. Ces nouveaux appareils offrent une r\u00e9gulation pr\u00e9cise et pratique de la temp\u00e9rature et, selon le mod\u00e8le, une surveillance de la qualit\u00e9 de l\u2019air et du taux d\u2019humidit\u00e9, tout en int\u00e9grant des fonctionnalit\u00e9s d\u2019automatisation intelligente du climat int\u00e9rieur.<\/p>\n<p>Ces nouveaux capteurs viennent enrichir la solution Wiser de r\u00e9gulation de la temp\u00e9rature ambiante et s\u2019adaptent facilement aux installations existantes ou nouvelles. Le syst\u00e8me repose sur un ou plusieurs contr\u00f4leurs de chauffage Wiser, connect\u00e9s \u00e0 des servomoteurs ainsi qu\u2019aux capteurs de temp\u00e9rature ambiante associ\u00e9s. Le fil de communication K+, une mise en service simplifi\u00e9e et un r\u00e9trofit plug-and-play font b\u00e9n\u00e9ficier les installateurs d\u2019une installation rapide et \u00e9conomique, m\u00eame sans mat\u00e9riel WLAN ou applications d\u00e9di\u00e9es. Les occupants pilotent, quant \u00e0 eux, leur climat int\u00e9rieur \u00e0 l\u2019aide de l\u2019\u00e9cran tactile, de l\u2019application Wiser Home ou de sc\u00e9narios automatis\u00e9s.<\/p>\n<p>\u00abUne bonne qualit\u00e9 de l\u2019air, une utilisation \u00e9co\u00e9nerg\u00e9tique des b\u00e2timents et une connectivit\u00e9 intelligente figurent d\u00e9sormais au c\u0153ur des attentes li\u00e9es aux espaces r\u00e9sidentiels contemporains. Avec nos nouveaux capteurs de temp\u00e9rature ambiante Wiser avec \u00e9cran, nous proposons non seulement un contr\u00f4le pr\u00e9cis du chauffage, mais cr\u00e9ons \u00e9galement les conditions pour des solutions automatis\u00e9es de gestion du climat int\u00e9rieur qui rehaussent le confort de vie, tout en permettant de mieux ma\u00eetriser sa consommation d\u2019\u00e9nergie\u00bb, explique Niko Ryh\u00e4nen, Future Offer and Innovation Manager chez Feller SA.<\/p>\n<p><strong>Deux mod\u00e8les de capteurs pour des applications vari\u00e9es<\/strong><\/p>\n<p>Le capteur de temp\u00e9rature ambiante Wiser avec \u00e9cran sans mesure par capteur du CO\u2082 offre une r\u00e9gulation pr\u00e9cise de la temp\u00e9rature et se caract\u00e9rise par une commande intuitive via l\u2019\u00e9cran tactile. Il permet \u00e9galement de d\u00e9clencher des automatisations bas\u00e9es sur la temp\u00e9rature, comme le positionnement automatique des stores en mode d\u2019ombrage d\u00e8s que la temp\u00e9rature int\u00e9rieure d\u00e9passe un seuil pr\u00e9d\u00e9fini.<\/p>\n<p>Le mod\u00e8le CO\u2082 ajoute une fonction de mesure de la qualit\u00e9 de l\u2019air et de l\u2019humidit\u00e9. Il peut \u00eatre utilis\u00e9, sans d\u00e9pendre de la r\u00e9gulation du chauffage, comme indicateur ind\u00e9pendant de la qualit\u00e9 de l\u2019air, de la temp\u00e9rature et de l\u2019humidit\u00e9 ou comme capteur pour des automatismes de r\u00e9gulation du climat int\u00e9rieur. D\u00e8s que la concentration en CO\u2082 ou le taux d\u2019humidit\u00e9 de l\u2019air franchit un certain seuil pr\u00e9d\u00e9fini, des ventilateurs s\u2019enclenchent automatiquement ou des fen\u00eatres motoris\u00e9es s\u2019ouvrent.<\/p>\n<p>L\u2019\u00e9cran affiche une indication claire et imm\u00e9diate de la qualit\u00e9 de l\u2019air: vert pour une bonne qualit\u00e9, jaune pour une qualit\u00e9 moyenne et rouge pour une mauvaise qualit\u00e9. Ce code couleur sensibilise et permet d\u2019adopter des comportements adapt\u00e9s. Les seuils de qualit\u00e9 de l\u2019air utilis\u00e9s pour l\u2019indicateur ainsi que d\u2019autres fonctionnalit\u00e9s se r\u00e8glent directement depuis l\u2019\u00e9cran tactile intuitif. Dans des applications connect\u00e9es, le contr\u00f4le des deux mod\u00e8les de capteurs est \u00e9galement possible \u00e0 distance \u00e0 l\u2019aide de l\u2019application Wiser Home.<\/p>\n<p><strong>Installation simple sans c\u00e2blage suppl\u00e9mentaire<\/strong><\/p>\n<p>Le syst\u00e8me offre des avantages pratiques pendant le fonctionnement, mais aussi lors de l\u2019installation. Le fil de communication K+ supprime le c\u00e2blage s\u00e9par\u00e9 de chaque capteur avec la distribution du circuit de chauffage,\u00a0 r\u00e9duisant ainsi les travaux d&rsquo;installation, les besoins en mat\u00e9riel et le temps de montage. \u00c9tant donn\u00e9 que les capteurs de temp\u00e9rature ambiante Wiser avec \u00e9cran peuvent fonctionner sans appareil WLAN, ils s\u2019int\u00e8grent facilement dans de nombreux contextes: r\u00e9gulation de chauffage simple, petits syst\u00e8mes connect\u00e9s ou solution Connected Home compl\u00e8te. Une flexibilit\u00e9 suppl\u00e9mentaire est apport\u00e9e par un montage au choix avec le syst\u00e8me de fixation <a href=\"https:\/\/www.feller.ch\/fr\/sortiment\/snapfix\">SNAPFIX\u00ae<\/a> ou \u00e0 ba\u00efonnette.<\/p>\n<p><strong>Mise \u00e0 niveau simplifi\u00e9e des installations existantes<\/strong><\/p>\n<p>M\u00eame les capteurs de temp\u00e9rature ambiante Wiser d\u00e9j\u00e0 en place peuvent \u00eatre convertis \u00e0 la nouvelle variante avec \u00e9cran tr\u00e8s simplement. Le remplacement de l\u2019ancienne commande par le nouveau mod\u00e8le avec \u00e9cran se fait par simple plug-and-play, sans reprogrammation via l\u2019application Wiser eSetup. L\u2019\u00e9cran tactile offre des fonctions suppl\u00e9mentaires, comme le verrouillage d\u2019\u00e9cran (pour les chambres d\u2019enfants par ex.), le r\u00e9glage des temp\u00e9ratures minimale et maximale, un ajustement de la luminosit\u00e9 ainsi qu\u2019une fonction de calibrage.<\/p>\n<p>Les capteurs sont disponibles dans les lignes de design <a href=\"https:\/\/www.feller.ch\/fr\/designlinien\/edizioliv\">EDIZIO.liv<\/a>, <a href=\"https:\/\/www.feller.ch\/fr\/designlinien\/edizioliv-prestige\">EDIZIO.liv prestige<\/a>, <a href=\"https:\/\/www.feller.ch\/fr\/designlinien\/standarddue\">STANDARDdue<\/a> et <a href=\"https:\/\/www.feller.ch\/fr\/designlinien\/ediziodue-colore\">EDIZIOdue colore<\/a>.<\/p>\n<p>Pour plus d&rsquo;informations sur les capteurs de temp\u00e9rature ambiante Wiser by Feller avec \u00e9cran, rendez-vous sur\u00a0: <a href=\"http:\/\/www.feller.ch\/regulation-de-temperature\">feller.ch\/regulation-de-temperature<\/a><\/p>\n<input class=\"fooboxshare_post_id\" type=\"hidden\" value=\"50433\"\/>","protected":false},"excerpt":{"rendered":"<p>Les nouveaux appareils int\u00e8grent une r\u00e9gulation pr\u00e9cise de la temp\u00e9rature, un indicateur de la qualit\u00e9 de l\u2019air et des fonctions intelligentes d\u2019automatisation tout en simplifiant l\u2019installation.<\/p>\n","protected":false},"author":49,"featured_media":50421,"comment_status":"closed","ping_status":"closed","sticky":false,"template":"","format":"standard","meta":{"_acf_changed":false,"footnotes":""},"categories":[476,479,464,466,482,472],"tags":[540],"class_list":{"0":"post-50433","1":"post","2":"type-post","3":"status-publish","4":"format-standard","5":"has-post-thumbnail","7":"category-automatisation-des-batiments","8":"category-climatisation","9":"category-energie-fr","10":"category-gestion-de-lenergie-energie","11":"category-maison-intelligente","12":"category-solutions-de-construction","13":"tag-feller-ag-fr"},"acf":[],"yoast_head":"<!-- This site is optimized with the Yoast SEO plugin v27.8 - https:\/\/yoast.com\/product\/yoast-seo-wordpress\/ -->\n<title>Feller SA met sur le march\u00e9 de nouveaux capteurs de temp\u00e9rature ambiante avec \u00e9cran pour Wiser by Feller - rbt:PRESSROOM<\/title>\n<meta name=\"robots\" content=\"index, follow, max-snippet:-1, max-image-preview:large, max-video-preview:-1\" \/>\n<link rel=\"canonical\" href=\"https:\/\/pressroom-rbt.com\/fr\/feller-sa-met-sur-le-marche-de-nouveaux-capteurs-de-temperature-ambiante-avec-ecran-pour-wiser-by-feller\/\" \/>\n<meta property=\"og:locale\" content=\"fr_FR\" \/>\n<meta property=\"og:type\" content=\"article\" \/>\n<meta property=\"og:title\" content=\"Feller SA met sur le march\u00e9 de nouveaux capteurs de temp\u00e9rature ambiante avec \u00e9cran pour Wiser by Feller - rbt:PRESSROOM\" \/>\n<meta property=\"og:description\" content=\"Les nouveaux appareils int\u00e8grent une r\u00e9gulation pr\u00e9cise de la temp\u00e9rature, un indicateur de la qualit\u00e9 de l\u2019air et des fonctions intelligentes d\u2019automatisation tout en simplifiant l\u2019installation.\" \/>\n<meta property=\"og:url\" content=\"https:\/\/pressroom-rbt.com\/fr\/feller-sa-met-sur-le-marche-de-nouveaux-capteurs-de-temperature-ambiante-avec-ecran-pour-wiser-by-feller\/\" \/>\n<meta property=\"og:site_name\" content=\"rbt:PRESSROOM\" \/>\n<meta property=\"article:published_time\" content=\"2026-09-03T07:40:11+00:00\" \/>\n<meta property=\"og:image\" content=\"https:\/\/pressroom-rbt.com\/rbt\/uploads\/2026\/09\/Feller_WbF_Display-Thermostat_Stimmungsbild_1.jpg\" \/>\n\t<meta property=\"og:image:width\" content=\"1920\" \/>\n\t<meta property=\"og:image:height\" content=\"1080\" \/>\n\t<meta property=\"og:image:type\" content=\"image\/jpeg\" \/>\n<meta name=\"author\" content=\"Nathalie Stellmann\" \/>\n<meta name=\"twitter:card\" content=\"summary_large_image\" \/>\n<meta name=\"twitter:label1\" content=\"\u00c9crit par\" \/>\n\t<meta name=\"twitter:data1\" content=\"Nathalie Stellmann\" \/>\n\t<meta name=\"twitter:label2\" content=\"Dur\u00e9e de lecture estim\u00e9e\" \/>\n\t<meta name=\"twitter:data2\" content=\"5 minutes\" \/>\n<script type=\"application\/ld+json\" class=\"yoast-schema-graph\">{\"@context\":\"https:\\\/\\\/schema.org\",\"@graph\":[{\"@type\":\"Article\",\"@id\":\"https:\\\/\\\/pressroom-rbt.com\\\/fr\\\/feller-sa-met-sur-le-marche-de-nouveaux-capteurs-de-temperature-ambiante-avec-ecran-pour-wiser-by-feller\\\/#article\",\"isPartOf\":{\"@id\":\"https:\\\/\\\/pressroom-rbt.com\\\/fr\\\/feller-sa-met-sur-le-marche-de-nouveaux-capteurs-de-temperature-ambiante-avec-ecran-pour-wiser-by-feller\\\/\"},\"author\":{\"name\":\"Nathalie Stellmann\",\"@id\":\"https:\\\/\\\/pressroom-rbt.com\\\/#\\\/schema\\\/person\\\/e173c7e3bb1364adb6a733177a483e00\"},\"headline\":\"Feller SA met sur le march\u00e9 de nouveaux capteurs de temp\u00e9rature ambiante avec \u00e9cran pour Wiser by Feller\",\"datePublished\":\"2026-09-03T07:40:11+00:00\",\"mainEntityOfPage\":{\"@id\":\"https:\\\/\\\/pressroom-rbt.com\\\/fr\\\/feller-sa-met-sur-le-marche-de-nouveaux-capteurs-de-temperature-ambiante-avec-ecran-pour-wiser-by-feller\\\/\"},\"wordCount\":860,\"image\":{\"@id\":\"https:\\\/\\\/pressroom-rbt.com\\\/fr\\\/feller-sa-met-sur-le-marche-de-nouveaux-capteurs-de-temperature-ambiante-avec-ecran-pour-wiser-by-feller\\\/#primaryimage\"},\"thumbnailUrl\":\"https:\\\/\\\/pressroom-rbt.com\\\/rbt\\\/uploads\\\/2026\\\/09\\\/Feller_WbF_Display-Thermostat_Stimmungsbild_1.jpg\",\"keywords\":[\"Feller AG\"],\"articleSection\":[\"Automatisation des b\u00e2timents\",\"Climatisation\",\"\u00c9nergie\",\"Gestion de l\u2019\u00e9nergie (\u00e9nergie)\",\"Maison intelligente\",\"Solutions de construction\"],\"inLanguage\":\"fr-FR\"},{\"@type\":\"WebPage\",\"@id\":\"https:\\\/\\\/pressroom-rbt.com\\\/fr\\\/feller-sa-met-sur-le-marche-de-nouveaux-capteurs-de-temperature-ambiante-avec-ecran-pour-wiser-by-feller\\\/\",\"url\":\"https:\\\/\\\/pressroom-rbt.com\\\/fr\\\/feller-sa-met-sur-le-marche-de-nouveaux-capteurs-de-temperature-ambiante-avec-ecran-pour-wiser-by-feller\\\/\",\"name\":\"Feller SA met sur le march\u00e9 de nouveaux capteurs de temp\u00e9rature ambiante avec \u00e9cran pour Wiser by Feller - rbt:PRESSROOM\",\"isPartOf\":{\"@id\":\"https:\\\/\\\/pressroom-rbt.com\\\/#website\"},\"primaryImageOfPage\":{\"@id\":\"https:\\\/\\\/pressroom-rbt.com\\\/fr\\\/feller-sa-met-sur-le-marche-de-nouveaux-capteurs-de-temperature-ambiante-avec-ecran-pour-wiser-by-feller\\\/#primaryimage\"},\"image\":{\"@id\":\"https:\\\/\\\/pressroom-rbt.com\\\/fr\\\/feller-sa-met-sur-le-marche-de-nouveaux-capteurs-de-temperature-ambiante-avec-ecran-pour-wiser-by-feller\\\/#primaryimage\"},\"thumbnailUrl\":\"https:\\\/\\\/pressroom-rbt.com\\\/rbt\\\/uploads\\\/2026\\\/09\\\/Feller_WbF_Display-Thermostat_Stimmungsbild_1.jpg\",\"datePublished\":\"2026-09-03T07:40:11+00:00\",\"author\":{\"@id\":\"https:\\\/\\\/pressroom-rbt.com\\\/#\\\/schema\\\/person\\\/e173c7e3bb1364adb6a733177a483e00\"},\"breadcrumb\":{\"@id\":\"https:\\\/\\\/pressroom-rbt.com\\\/fr\\\/feller-sa-met-sur-le-marche-de-nouveaux-capteurs-de-temperature-ambiante-avec-ecran-pour-wiser-by-feller\\\/#breadcrumb\"},\"inLanguage\":\"fr-FR\",\"potentialAction\":[{\"@type\":\"ReadAction\",\"target\":[\"https:\\\/\\\/pressroom-rbt.com\\\/fr\\\/feller-sa-met-sur-le-marche-de-nouveaux-capteurs-de-temperature-ambiante-avec-ecran-pour-wiser-by-feller\\\/\"]}]},{\"@type\":\"ImageObject\",\"inLanguage\":\"fr-FR\",\"@id\":\"https:\\\/\\\/pressroom-rbt.com\\\/fr\\\/feller-sa-met-sur-le-marche-de-nouveaux-capteurs-de-temperature-ambiante-avec-ecran-pour-wiser-by-feller\\\/#primaryimage\",\"url\":\"https:\\\/\\\/pressroom-rbt.com\\\/rbt\\\/uploads\\\/2026\\\/09\\\/Feller_WbF_Display-Thermostat_Stimmungsbild_1.jpg\",\"contentUrl\":\"https:\\\/\\\/pressroom-rbt.com\\\/rbt\\\/uploads\\\/2026\\\/09\\\/Feller_WbF_Display-Thermostat_Stimmungsbild_1.jpg\",\"width\":1920,\"height\":1080},{\"@type\":\"BreadcrumbList\",\"@id\":\"https:\\\/\\\/pressroom-rbt.com\\\/fr\\\/feller-sa-met-sur-le-marche-de-nouveaux-capteurs-de-temperature-ambiante-avec-ecran-pour-wiser-by-feller\\\/#breadcrumb\",\"itemListElement\":[{\"@type\":\"ListItem\",\"position\":1,\"name\":\"Startseite\",\"item\":\"https:\\\/\\\/pressroom-rbt.com\\\/fr\\\/\"},{\"@type\":\"ListItem\",\"position\":2,\"name\":\"Feller SA met sur le march\u00e9 de nouveaux capteurs de temp\u00e9rature ambiante avec \u00e9cran pour Wiser by Feller\"}]},{\"@type\":\"WebSite\",\"@id\":\"https:\\\/\\\/pressroom-rbt.com\\\/#website\",\"url\":\"https:\\\/\\\/pressroom-rbt.com\\\/\",\"name\":\"rbt:PRESSROOM\",\"description\":\"Das Online Tool f\u00fcr moderne Pressearbeit\",\"potentialAction\":[{\"@type\":\"SearchAction\",\"target\":{\"@type\":\"EntryPoint\",\"urlTemplate\":\"https:\\\/\\\/pressroom-rbt.com\\\/?s={search_term_string}\"},\"query-input\":{\"@type\":\"PropertyValueSpecification\",\"valueRequired\":true,\"valueName\":\"search_term_string\"}}],\"inLanguage\":\"fr-FR\"},{\"@type\":\"Person\",\"@id\":\"https:\\\/\\\/pressroom-rbt.com\\\/#\\\/schema\\\/person\\\/e173c7e3bb1364adb6a733177a483e00\",\"name\":\"Nathalie Stellmann\"}]}<\/script>\n<!-- \/ Yoast SEO plugin. -->","yoast_head_json":{"title":"Feller SA met sur le march\u00e9 de nouveaux capteurs de temp\u00e9rature ambiante avec \u00e9cran pour Wiser by Feller - rbt:PRESSROOM","robots":{"index":"index","follow":"follow","max-snippet":"max-snippet:-1","max-image-preview":"max-image-preview:large","max-video-preview":"max-video-preview:-1"},"canonical":"https:\/\/pressroom-rbt.com\/fr\/feller-sa-met-sur-le-marche-de-nouveaux-capteurs-de-temperature-ambiante-avec-ecran-pour-wiser-by-feller\/","og_locale":"fr_FR","og_type":"article","og_title":"Feller SA met sur le march\u00e9 de nouveaux capteurs de temp\u00e9rature ambiante avec \u00e9cran pour Wiser by Feller - rbt:PRESSROOM","og_description":"Les nouveaux appareils int\u00e8grent une r\u00e9gulation pr\u00e9cise de la temp\u00e9rature, un indicateur de la qualit\u00e9 de l\u2019air et des fonctions intelligentes d\u2019automatisation tout en simplifiant l\u2019installation.","og_url":"https:\/\/pressroom-rbt.com\/fr\/feller-sa-met-sur-le-marche-de-nouveaux-capteurs-de-temperature-ambiante-avec-ecran-pour-wiser-by-feller\/","og_site_name":"rbt:PRESSROOM","article_published_time":"2026-09-03T07:40:11+00:00","og_image":[{"width":1920,"height":1080,"url":"https:\/\/pressroom-rbt.com\/rbt\/uploads\/2026\/09\/Feller_WbF_Display-Thermostat_Stimmungsbild_1.jpg","type":"image\/jpeg"}],"author":"Nathalie Stellmann","twitter_card":"summary_large_image","twitter_misc":{"\u00c9crit par":"Nathalie Stellmann","Dur\u00e9e de lecture estim\u00e9e":"5 minutes"},"schema":{"@context":"https:\/\/schema.org","@graph":[{"@type":"Article","@id":"https:\/\/pressroom-rbt.com\/fr\/feller-sa-met-sur-le-marche-de-nouveaux-capteurs-de-temperature-ambiante-avec-ecran-pour-wiser-by-feller\/#article","isPartOf":{"@id":"https:\/\/pressroom-rbt.com\/fr\/feller-sa-met-sur-le-marche-de-nouveaux-capteurs-de-temperature-ambiante-avec-ecran-pour-wiser-by-feller\/"},"author":{"name":"Nathalie Stellmann","@id":"https:\/\/pressroom-rbt.com\/#\/schema\/person\/e173c7e3bb1364adb6a733177a483e00"},"headline":"Feller SA met sur le march\u00e9 de nouveaux capteurs de temp\u00e9rature ambiante avec \u00e9cran pour Wiser by Feller","datePublished":"2026-09-03T07:40:11+00:00","mainEntityOfPage":{"@id":"https:\/\/pressroom-rbt.com\/fr\/feller-sa-met-sur-le-marche-de-nouveaux-capteurs-de-temperature-ambiante-avec-ecran-pour-wiser-by-feller\/"},"wordCount":860,"image":{"@id":"https:\/\/pressroom-rbt.com\/fr\/feller-sa-met-sur-le-marche-de-nouveaux-capteurs-de-temperature-ambiante-avec-ecran-pour-wiser-by-feller\/#primaryimage"},"thumbnailUrl":"https:\/\/pressroom-rbt.com\/rbt\/uploads\/2026\/09\/Feller_WbF_Display-Thermostat_Stimmungsbild_1.jpg","keywords":["Feller AG"],"articleSection":["Automatisation des b\u00e2timents","Climatisation","\u00c9nergie","Gestion de l\u2019\u00e9nergie (\u00e9nergie)","Maison intelligente","Solutions de construction"],"inLanguage":"fr-FR"},{"@type":"WebPage","@id":"https:\/\/pressroom-rbt.com\/fr\/feller-sa-met-sur-le-marche-de-nouveaux-capteurs-de-temperature-ambiante-avec-ecran-pour-wiser-by-feller\/","url":"https:\/\/pressroom-rbt.com\/fr\/feller-sa-met-sur-le-marche-de-nouveaux-capteurs-de-temperature-ambiante-avec-ecran-pour-wiser-by-feller\/","name":"Feller SA met sur le march\u00e9 de nouveaux capteurs de temp\u00e9rature ambiante avec \u00e9cran pour Wiser by Feller - rbt:PRESSROOM","isPartOf":{"@id":"https:\/\/pressroom-rbt.com\/#website"},"primaryImageOfPage":{"@id":"https:\/\/pressroom-rbt.com\/fr\/feller-sa-met-sur-le-marche-de-nouveaux-capteurs-de-temperature-ambiante-avec-ecran-pour-wiser-by-feller\/#primaryimage"},"image":{"@id":"https:\/\/pressroom-rbt.com\/fr\/feller-sa-met-sur-le-marche-de-nouveaux-capteurs-de-temperature-ambiante-avec-ecran-pour-wiser-by-feller\/#primaryimage"},"thumbnailUrl":"https:\/\/pressroom-rbt.com\/rbt\/uploads\/2026\/09\/Feller_WbF_Display-Thermostat_Stimmungsbild_1.jpg","datePublished":"2026-09-03T07:40:11+00:00","author":{"@id":"https:\/\/pressroom-rbt.com\/#\/schema\/person\/e173c7e3bb1364adb6a733177a483e00"},"breadcrumb":{"@id":"https:\/\/pressroom-rbt.com\/fr\/feller-sa-met-sur-le-marche-de-nouveaux-capteurs-de-temperature-ambiante-avec-ecran-pour-wiser-by-feller\/#breadcrumb"},"inLanguage":"fr-FR","potentialAction":[{"@type":"ReadAction","target":["https:\/\/pressroom-rbt.com\/fr\/feller-sa-met-sur-le-marche-de-nouveaux-capteurs-de-temperature-ambiante-avec-ecran-pour-wiser-by-feller\/"]}]},{"@type":"ImageObject","inLanguage":"fr-FR","@id":"https:\/\/pressroom-rbt.com\/fr\/feller-sa-met-sur-le-marche-de-nouveaux-capteurs-de-temperature-ambiante-avec-ecran-pour-wiser-by-feller\/#primaryimage","url":"https:\/\/pressroom-rbt.com\/rbt\/uploads\/2026\/09\/Feller_WbF_Display-Thermostat_Stimmungsbild_1.jpg","contentUrl":"https:\/\/pressroom-rbt.com\/rbt\/uploads\/2026\/09\/Feller_WbF_Display-Thermostat_Stimmungsbild_1.jpg","width":1920,"height":1080},{"@type":"BreadcrumbList","@id":"https:\/\/pressroom-rbt.com\/fr\/feller-sa-met-sur-le-marche-de-nouveaux-capteurs-de-temperature-ambiante-avec-ecran-pour-wiser-by-feller\/#breadcrumb","itemListElement":[{"@type":"ListItem","position":1,"name":"Startseite","item":"https:\/\/pressroom-rbt.com\/fr\/"},{"@type":"ListItem","position":2,"name":"Feller SA met sur le march\u00e9 de nouveaux capteurs de temp\u00e9rature ambiante avec \u00e9cran pour Wiser by Feller"}]},{"@type":"WebSite","@id":"https:\/\/pressroom-rbt.com\/#website","url":"https:\/\/pressroom-rbt.com\/","name":"rbt:PRESSROOM","description":"Das Online Tool f\u00fcr moderne Pressearbeit","potentialAction":[{"@type":"SearchAction","target":{"@type":"EntryPoint","urlTemplate":"https:\/\/pressroom-rbt.com\/?s={search_term_string}"},"query-input":{"@type":"PropertyValueSpecification","valueRequired":true,"valueName":"search_term_string"}}],"inLanguage":"fr-FR"},{"@type":"Person","@id":"https:\/\/pressroom-rbt.com\/#\/schema\/person\/e173c7e3bb1364adb6a733177a483e00","name":"Nathalie Stellmann"}]}},"_links":{"self":[{"href":"https:\/\/pressroom-rbt.com\/fr\/wp-json\/wp\/v2\/posts\/50433","targetHints":{"allow":["GET"]}}],"collection":[{"href":"https:\/\/pressroom-rbt.com\/fr\/wp-json\/wp\/v2\/posts"}],"about":[{"href":"https:\/\/pressroom-rbt.com\/fr\/wp-json\/wp\/v2\/types\/post"}],"author":[{"embeddable":true,"href":"https:\/\/pressroom-rbt.com\/fr\/wp-json\/wp\/v2\/users\/49"}],"replies":[{"embeddable":true,"href":"https:\/\/pressroom-rbt.com\/fr\/wp-json\/wp\/v2\/comments?post=50433"}],"version-history":[{"count":1,"href":"https:\/\/pressroom-rbt.com\/fr\/wp-json\/wp\/v2\/posts\/50433\/revisions"}],"predecessor-version":[{"id":50438,"href":"https:\/\/pressroom-rbt.com\/fr\/wp-json\/wp\/v2\/posts\/50433\/revisions\/50438"}],"wp:featuredmedia":[{"embeddable":true,"href":"https:\/\/pressroom-rbt.com\/fr\/wp-json\/wp\/v2\/media\/50421"}],"wp:attachment":[{"href":"https:\/\/pressroom-rbt.com\/fr\/wp-json\/wp\/v2\/media?parent=50433"}],"wp:term":[{"taxonomy":"category","embeddable":true,"href":"https:\/\/pressroom-rbt.com\/fr\/wp-json\/wp\/v2\/categories?post=50433"},{"taxonomy":"post_tag","embeddable":true,"href":"https:\/\/pressroom-rbt.com\/fr\/wp-json\/wp\/v2\/tags?post=50433"}],"curies":[{"name":"wp","href":"https:\/\/api.w.org\/{rel}","templated":true}]}}