{"id":50332,"date":"2026-09-01T09:31:41","date_gmt":"2026-09-01T07:31:41","guid":{"rendered":"https:\/\/pressroom-rbt.com\/?p=50332"},"modified":"2026-09-01T09:31:41","modified_gmt":"2026-09-01T07:31:41","slug":"feller-sa-amplia-il-portafoglio-knx-con-due-nuove-unita-funzionali","status":"publish","type":"post","link":"https:\/\/pressroom-rbt.com\/it\/feller-sa-amplia-il-portafoglio-knx-con-due-nuove-unita-funzionali\/","title":{"rendered":"Feller SA amplia il portafoglio KNX con due nuove unit\u00e0 funzionali"},"content":{"rendered":"<p>Con la nuova unit\u00e0 funzionale KNX 1\u20134x RGB Basic e l\u2019unit\u00e0 funzionale KNX 1\u20134x RGB Pro, Feller SA di Horgen amplia da subito il proprio portafoglio KNX per l&#8217;edilizia residenziale e commerciale. Entrambe le varianti si basano su un concetto di dispositivo universale per comandi a uno, due o quattro vie e supportano KNX Data Secure. Inoltre, possono essere combinate con le sei linee di design Feller EDIZIO.liv, EDIZIO.liv prestige, EDIZIOdue, STANDARDdue, NEVO e Feller ELEMENT. Mentre la versione Basic copre le classiche applicazioni KNX, la versione Pro integra la gamma di funzioni con sensori di CO\u2082, umidit\u00e0 e temperatura, nonch\u00e9 funzioni logiche locali per automazioni decentralizzate. In questo modo, progettisti, integratori di sistemi ed elettricisti ottengono una soluzione flessibile che combina in un unico dispositivo sicurezza informatica KNX, elevata flessibilit\u00e0 di design e, a seconda della versione, funzioni per il monitoraggio del clima ambiente.<\/p>\n<p><strong>Due varianti per esigenze progettuali diverse<\/strong><\/p>\n<p>Grazie alla distinzione in versione Basic e versione Pro, le unit\u00e0 funzionali possono essere adattate in modo mirato ai requisiti dei diversi progetti. Entrambe le varianti supportano KNX Data Secure e consentono quindi una comunicazione criptata e autenticata secondo lo standard KNX. Ci\u00f2 aumenta la protezione contro accessi non autorizzati e manipolazioni e tiene conto delle crescenti esigenze di sicurezza informatica degli edifici moderni.<\/p>\n<p>La versione Pro amplia la gamma di funzioni con sensori integrati di CO\u2082, umidit\u00e0 e temperatura. In questo modo, sono possibili numerose applicazioni per il monitoraggio del clima ambiente senza necessit\u00e0 di sensori aggiuntivi. Tramite il LED RGB liberamente programmabile, ad esempio, la qualit\u00e0 dell&#8217;aria pu\u00f2 essere visualizzata sotto forma di semaforo CO\u2082, che segnala immediatamente la necessit\u00e0 di ventilazione in caso di valori elevati di CO\u2082 tramite un cambio di colore.<\/p>\n<p>Inoltre, \u00e8 possibile realizzare funzioni automatizzate. Se i valori di CO\u2082, l&#8217;umidit\u00e0 dell&#8217;aria o la temperatura ambiente superano le soglie definite, \u00e8 possibile comandare automaticamente, ad esempio, impianti di ventilazione, finestre motorizzate o tende. In questo modo \u00e8 possibile ottimizzare in modo mirato il clima ambiente e l&#8217;efficienza energetica.<\/p>\n<p>Queste applicazioni sono rese possibili dalla Threshold Logic integrata nella versione Pro. Con essa \u00e8 possibile eseguire funzioni di soglia e funzioni di automazione semplici direttamente nel dispositivo, eliminando la necessit\u00e0 di moduli logici aggiuntivi. Ci\u00f2 riduce il lavoro di programmazione e semplifica l&#8217;architettura del sistema.<\/p>\n<p><strong>Elevata flessibilit\u00e0 in ogni fase del progetto<\/strong><\/p>\n<p>Un vantaggio fondamentale di questo dispositivo risiede inoltre nella sua adattabilit\u00e0. Una stessa unit\u00e0 funzionale supporta fino a quattro punti di comando e pu\u00f2 essere ampliata in qualsiasi momento grazie a una nuova copertura e a un adattamento nell&#8217;ETS. \u00c8 compatibile con le sei linee di design Feller <a href=\"https:\/\/www.feller.ch\/it\/linee-di-design\/edizioliv\">EDIZIO.liv<\/a>, <a href=\"https:\/\/www.feller.ch\/it\/linee-di-design\/edizio.liv-prestige\">EDIZIO.liv prestige<\/a>, <a href=\"https:\/\/www.feller.ch\/it\/linee-di-design\/ediziodue-colore\">EDIZIOdue<\/a>, <a href=\"https:\/\/www.feller.ch\/it\/linee-di-design\/standarddue\">STANDARDdue<\/a>, <a href=\"https:\/\/www.feller.ch\/it\/linee-di-design\/nevo\">NEVO<\/a> e <a href=\"https:\/\/www.feller.ch\/it\/linee-di-design\/feller-element\">Feller ELEMENT<\/a>. In questo modo, le decisioni relative al design e ai comandi rimangono flessibili anche nelle fasi successive del progetto.<\/p>\n<p><strong>Montaggio flessibile ed espandibilit\u00e0 a lungo termine<\/strong><\/p>\n<p>Per una maggiore flessibilit\u00e0 durante l&#8217;installazione, le nuove unit\u00e0 funzionali KNX 1\u20134x RGB Basic &amp; Pro possono essere montate sia con il sistema di fissaggio brevettato senza utensili <a href=\"https:\/\/www.feller.ch\/it\/assortimento\/snapfix\/sistema-di-fissaggio\">SNAPFIX\u00ae<\/a> che con il sistema a baionetta. Gli aggiornamenti del firmware tramite bus KNX consentono inoltre futuri ampliamenti delle funzioni sui dispositivi gi\u00e0 installati. Ci\u00f2 aumenta la sicurezza dell&#8217;investimento durante l&#8217;intero ciclo di vita.<\/p>\n<p>Ulteriori informazioni sulla nuova unit\u00e0 funzionale KNX 1\u20134x RGB Basic &amp; Pro sono disponibili all&#8217;indirizzo: <a href=\"https:\/\/www.feller.ch\/it\/connected-buildings\/knx\/sensori\/feller-4\">feller.ch\/feller-4<\/a>.<\/p>\n<input class=\"fooboxshare_post_id\" type=\"hidden\" value=\"50332\"\/>","protected":false},"excerpt":{"rendered":"<p>Le nuove unit\u00e0 funzionali KNX 1\u20134x RGB Basic e Pro si basano su un concetto di dispositivo unitario. Mentre la versione Basic copre le classiche applicazioni KNX, la versione Pro amplia la gamma di funzioni con sensori e funzioni logiche integrate per applicazioni di smart building pi\u00f9 sofisticate.<\/p>\n","protected":false},"author":49,"featured_media":50313,"comment_status":"closed","ping_status":"closed","sticky":false,"template":"","format":"standard","meta":{"_acf_changed":false,"footnotes":""},"categories":[2060,2058,2057,2059],"tags":[541],"class_list":{"0":"post-50332","1":"post","2":"type-post","3":"status-publish","4":"format-standard","5":"has-post-thumbnail","7":"category-automazione-degli-edifici","8":"category-casa-intelligente","9":"category-edificio","10":"category-gestione-dellenergia-edifici","11":"tag-feller-ag-it"},"acf":[],"yoast_head":"<!-- This site is optimized with the Yoast SEO plugin v27.8 - https:\/\/yoast.com\/product\/yoast-seo-wordpress\/ -->\n<title>Feller SA amplia il portafoglio KNX con due nuove unit\u00e0 funzionali - rbt:PRESSROOM<\/title>\n<meta name=\"robots\" content=\"index, follow, max-snippet:-1, max-image-preview:large, max-video-preview:-1\" \/>\n<link rel=\"canonical\" href=\"https:\/\/pressroom-rbt.com\/it\/feller-sa-amplia-il-portafoglio-knx-con-due-nuove-unita-funzionali\/\" \/>\n<meta property=\"og:locale\" content=\"it_IT\" \/>\n<meta property=\"og:type\" content=\"article\" \/>\n<meta property=\"og:title\" content=\"Feller SA amplia il portafoglio KNX con due nuove unit\u00e0 funzionali - rbt:PRESSROOM\" \/>\n<meta property=\"og:description\" content=\"Le nuove unit\u00e0 funzionali KNX 1\u20134x RGB Basic e Pro si basano su un concetto di dispositivo unitario. Mentre la versione Basic copre le classiche applicazioni KNX, la versione Pro amplia la gamma di funzioni con sensori e funzioni logiche integrate per applicazioni di smart building pi\u00f9 sofisticate.\" \/>\n<meta property=\"og:url\" content=\"https:\/\/pressroom-rbt.com\/it\/feller-sa-amplia-il-portafoglio-knx-con-due-nuove-unita-funzionali\/\" \/>\n<meta property=\"og:site_name\" content=\"rbt:PRESSROOM\" \/>\n<meta property=\"article:published_time\" content=\"2026-09-01T07:31:41+00:00\" \/>\n<meta property=\"og:image\" content=\"https:\/\/pressroom-rbt.com\/rbt\/uploads\/2026\/09\/Feller_KNX_Funktionseinsatz_Produktbild-1.jpg\" \/>\n\t<meta property=\"og:image:width\" content=\"1920\" \/>\n\t<meta property=\"og:image:height\" content=\"1920\" \/>\n\t<meta property=\"og:image:type\" content=\"image\/jpeg\" \/>\n<meta name=\"author\" content=\"Nathalie Stellmann\" \/>\n<meta name=\"twitter:card\" content=\"summary_large_image\" \/>\n<meta name=\"twitter:label1\" content=\"Scritto da\" \/>\n\t<meta name=\"twitter:data1\" content=\"Nathalie Stellmann\" \/>\n\t<meta name=\"twitter:label2\" content=\"Tempo di lettura stimato\" \/>\n\t<meta name=\"twitter:data2\" content=\"4 minuti\" \/>\n<script type=\"application\/ld+json\" class=\"yoast-schema-graph\">{\"@context\":\"https:\\\/\\\/schema.org\",\"@graph\":[{\"@type\":\"Article\",\"@id\":\"https:\\\/\\\/pressroom-rbt.com\\\/it\\\/feller-sa-amplia-il-portafoglio-knx-con-due-nuove-unita-funzionali\\\/#article\",\"isPartOf\":{\"@id\":\"https:\\\/\\\/pressroom-rbt.com\\\/it\\\/feller-sa-amplia-il-portafoglio-knx-con-due-nuove-unita-funzionali\\\/\"},\"author\":{\"name\":\"Nathalie Stellmann\",\"@id\":\"https:\\\/\\\/pressroom-rbt.com\\\/#\\\/schema\\\/person\\\/e173c7e3bb1364adb6a733177a483e00\"},\"headline\":\"Feller SA amplia il portafoglio KNX con due nuove unit\u00e0 funzionali\",\"datePublished\":\"2026-09-01T07:31:41+00:00\",\"mainEntityOfPage\":{\"@id\":\"https:\\\/\\\/pressroom-rbt.com\\\/it\\\/feller-sa-amplia-il-portafoglio-knx-con-due-nuove-unita-funzionali\\\/\"},\"wordCount\":574,\"image\":{\"@id\":\"https:\\\/\\\/pressroom-rbt.com\\\/it\\\/feller-sa-amplia-il-portafoglio-knx-con-due-nuove-unita-funzionali\\\/#primaryimage\"},\"thumbnailUrl\":\"https:\\\/\\\/pressroom-rbt.com\\\/rbt\\\/uploads\\\/2026\\\/09\\\/Feller_KNX_Funktionseinsatz_Produktbild-1.jpg\",\"keywords\":[\"Feller AG\"],\"articleSection\":[\"Automazione degli edifici\",\"Casa intelligente\",\"Edificio\",\"Gestione dell'energia (edifici)\"],\"inLanguage\":\"it-IT\"},{\"@type\":\"WebPage\",\"@id\":\"https:\\\/\\\/pressroom-rbt.com\\\/it\\\/feller-sa-amplia-il-portafoglio-knx-con-due-nuove-unita-funzionali\\\/\",\"url\":\"https:\\\/\\\/pressroom-rbt.com\\\/it\\\/feller-sa-amplia-il-portafoglio-knx-con-due-nuove-unita-funzionali\\\/\",\"name\":\"Feller SA amplia il portafoglio KNX con due nuove unit\u00e0 funzionali - rbt:PRESSROOM\",\"isPartOf\":{\"@id\":\"https:\\\/\\\/pressroom-rbt.com\\\/#website\"},\"primaryImageOfPage\":{\"@id\":\"https:\\\/\\\/pressroom-rbt.com\\\/it\\\/feller-sa-amplia-il-portafoglio-knx-con-due-nuove-unita-funzionali\\\/#primaryimage\"},\"image\":{\"@id\":\"https:\\\/\\\/pressroom-rbt.com\\\/it\\\/feller-sa-amplia-il-portafoglio-knx-con-due-nuove-unita-funzionali\\\/#primaryimage\"},\"thumbnailUrl\":\"https:\\\/\\\/pressroom-rbt.com\\\/rbt\\\/uploads\\\/2026\\\/09\\\/Feller_KNX_Funktionseinsatz_Produktbild-1.jpg\",\"datePublished\":\"2026-09-01T07:31:41+00:00\",\"author\":{\"@id\":\"https:\\\/\\\/pressroom-rbt.com\\\/#\\\/schema\\\/person\\\/e173c7e3bb1364adb6a733177a483e00\"},\"breadcrumb\":{\"@id\":\"https:\\\/\\\/pressroom-rbt.com\\\/it\\\/feller-sa-amplia-il-portafoglio-knx-con-due-nuove-unita-funzionali\\\/#breadcrumb\"},\"inLanguage\":\"it-IT\",\"potentialAction\":[{\"@type\":\"ReadAction\",\"target\":[\"https:\\\/\\\/pressroom-rbt.com\\\/it\\\/feller-sa-amplia-il-portafoglio-knx-con-due-nuove-unita-funzionali\\\/\"]}]},{\"@type\":\"ImageObject\",\"inLanguage\":\"it-IT\",\"@id\":\"https:\\\/\\\/pressroom-rbt.com\\\/it\\\/feller-sa-amplia-il-portafoglio-knx-con-due-nuove-unita-funzionali\\\/#primaryimage\",\"url\":\"https:\\\/\\\/pressroom-rbt.com\\\/rbt\\\/uploads\\\/2026\\\/09\\\/Feller_KNX_Funktionseinsatz_Produktbild-1.jpg\",\"contentUrl\":\"https:\\\/\\\/pressroom-rbt.com\\\/rbt\\\/uploads\\\/2026\\\/09\\\/Feller_KNX_Funktionseinsatz_Produktbild-1.jpg\",\"width\":1920,\"height\":1920},{\"@type\":\"BreadcrumbList\",\"@id\":\"https:\\\/\\\/pressroom-rbt.com\\\/it\\\/feller-sa-amplia-il-portafoglio-knx-con-due-nuove-unita-funzionali\\\/#breadcrumb\",\"itemListElement\":[{\"@type\":\"ListItem\",\"position\":1,\"name\":\"Startseite\",\"item\":\"https:\\\/\\\/pressroom-rbt.com\\\/it\\\/\"},{\"@type\":\"ListItem\",\"position\":2,\"name\":\"Feller SA amplia il portafoglio KNX con due nuove unit\u00e0 funzionali\"}]},{\"@type\":\"WebSite\",\"@id\":\"https:\\\/\\\/pressroom-rbt.com\\\/#website\",\"url\":\"https:\\\/\\\/pressroom-rbt.com\\\/\",\"name\":\"rbt:PRESSROOM\",\"description\":\"Das Online Tool f\u00fcr moderne Pressearbeit\",\"potentialAction\":[{\"@type\":\"SearchAction\",\"target\":{\"@type\":\"EntryPoint\",\"urlTemplate\":\"https:\\\/\\\/pressroom-rbt.com\\\/?s={search_term_string}\"},\"query-input\":{\"@type\":\"PropertyValueSpecification\",\"valueRequired\":true,\"valueName\":\"search_term_string\"}}],\"inLanguage\":\"it-IT\"},{\"@type\":\"Person\",\"@id\":\"https:\\\/\\\/pressroom-rbt.com\\\/#\\\/schema\\\/person\\\/e173c7e3bb1364adb6a733177a483e00\",\"name\":\"Nathalie Stellmann\"}]}<\/script>\n<!-- \/ Yoast SEO plugin. -->","yoast_head_json":{"title":"Feller SA amplia il portafoglio KNX con due nuove unit\u00e0 funzionali - rbt:PRESSROOM","robots":{"index":"index","follow":"follow","max-snippet":"max-snippet:-1","max-image-preview":"max-image-preview:large","max-video-preview":"max-video-preview:-1"},"canonical":"https:\/\/pressroom-rbt.com\/it\/feller-sa-amplia-il-portafoglio-knx-con-due-nuove-unita-funzionali\/","og_locale":"it_IT","og_type":"article","og_title":"Feller SA amplia il portafoglio KNX con due nuove unit\u00e0 funzionali - rbt:PRESSROOM","og_description":"Le nuove unit\u00e0 funzionali KNX 1\u20134x RGB Basic e Pro si basano su un concetto di dispositivo unitario. Mentre la versione Basic copre le classiche applicazioni KNX, la versione Pro amplia la gamma di funzioni con sensori e funzioni logiche integrate per applicazioni di smart building pi\u00f9 sofisticate.","og_url":"https:\/\/pressroom-rbt.com\/it\/feller-sa-amplia-il-portafoglio-knx-con-due-nuove-unita-funzionali\/","og_site_name":"rbt:PRESSROOM","article_published_time":"2026-09-01T07:31:41+00:00","og_image":[{"width":1920,"height":1920,"url":"https:\/\/pressroom-rbt.com\/rbt\/uploads\/2026\/09\/Feller_KNX_Funktionseinsatz_Produktbild-1.jpg","type":"image\/jpeg"}],"author":"Nathalie Stellmann","twitter_card":"summary_large_image","twitter_misc":{"Scritto da":"Nathalie Stellmann","Tempo di lettura stimato":"4 minuti"},"schema":{"@context":"https:\/\/schema.org","@graph":[{"@type":"Article","@id":"https:\/\/pressroom-rbt.com\/it\/feller-sa-amplia-il-portafoglio-knx-con-due-nuove-unita-funzionali\/#article","isPartOf":{"@id":"https:\/\/pressroom-rbt.com\/it\/feller-sa-amplia-il-portafoglio-knx-con-due-nuove-unita-funzionali\/"},"author":{"name":"Nathalie Stellmann","@id":"https:\/\/pressroom-rbt.com\/#\/schema\/person\/e173c7e3bb1364adb6a733177a483e00"},"headline":"Feller SA amplia il portafoglio KNX con due nuove unit\u00e0 funzionali","datePublished":"2026-09-01T07:31:41+00:00","mainEntityOfPage":{"@id":"https:\/\/pressroom-rbt.com\/it\/feller-sa-amplia-il-portafoglio-knx-con-due-nuove-unita-funzionali\/"},"wordCount":574,"image":{"@id":"https:\/\/pressroom-rbt.com\/it\/feller-sa-amplia-il-portafoglio-knx-con-due-nuove-unita-funzionali\/#primaryimage"},"thumbnailUrl":"https:\/\/pressroom-rbt.com\/rbt\/uploads\/2026\/09\/Feller_KNX_Funktionseinsatz_Produktbild-1.jpg","keywords":["Feller AG"],"articleSection":["Automazione degli edifici","Casa intelligente","Edificio","Gestione dell'energia (edifici)"],"inLanguage":"it-IT"},{"@type":"WebPage","@id":"https:\/\/pressroom-rbt.com\/it\/feller-sa-amplia-il-portafoglio-knx-con-due-nuove-unita-funzionali\/","url":"https:\/\/pressroom-rbt.com\/it\/feller-sa-amplia-il-portafoglio-knx-con-due-nuove-unita-funzionali\/","name":"Feller SA amplia il portafoglio KNX con due nuove unit\u00e0 funzionali - rbt:PRESSROOM","isPartOf":{"@id":"https:\/\/pressroom-rbt.com\/#website"},"primaryImageOfPage":{"@id":"https:\/\/pressroom-rbt.com\/it\/feller-sa-amplia-il-portafoglio-knx-con-due-nuove-unita-funzionali\/#primaryimage"},"image":{"@id":"https:\/\/pressroom-rbt.com\/it\/feller-sa-amplia-il-portafoglio-knx-con-due-nuove-unita-funzionali\/#primaryimage"},"thumbnailUrl":"https:\/\/pressroom-rbt.com\/rbt\/uploads\/2026\/09\/Feller_KNX_Funktionseinsatz_Produktbild-1.jpg","datePublished":"2026-09-01T07:31:41+00:00","author":{"@id":"https:\/\/pressroom-rbt.com\/#\/schema\/person\/e173c7e3bb1364adb6a733177a483e00"},"breadcrumb":{"@id":"https:\/\/pressroom-rbt.com\/it\/feller-sa-amplia-il-portafoglio-knx-con-due-nuove-unita-funzionali\/#breadcrumb"},"inLanguage":"it-IT","potentialAction":[{"@type":"ReadAction","target":["https:\/\/pressroom-rbt.com\/it\/feller-sa-amplia-il-portafoglio-knx-con-due-nuove-unita-funzionali\/"]}]},{"@type":"ImageObject","inLanguage":"it-IT","@id":"https:\/\/pressroom-rbt.com\/it\/feller-sa-amplia-il-portafoglio-knx-con-due-nuove-unita-funzionali\/#primaryimage","url":"https:\/\/pressroom-rbt.com\/rbt\/uploads\/2026\/09\/Feller_KNX_Funktionseinsatz_Produktbild-1.jpg","contentUrl":"https:\/\/pressroom-rbt.com\/rbt\/uploads\/2026\/09\/Feller_KNX_Funktionseinsatz_Produktbild-1.jpg","width":1920,"height":1920},{"@type":"BreadcrumbList","@id":"https:\/\/pressroom-rbt.com\/it\/feller-sa-amplia-il-portafoglio-knx-con-due-nuove-unita-funzionali\/#breadcrumb","itemListElement":[{"@type":"ListItem","position":1,"name":"Startseite","item":"https:\/\/pressroom-rbt.com\/it\/"},{"@type":"ListItem","position":2,"name":"Feller SA amplia il portafoglio KNX con due nuove unit\u00e0 funzionali"}]},{"@type":"WebSite","@id":"https:\/\/pressroom-rbt.com\/#website","url":"https:\/\/pressroom-rbt.com\/","name":"rbt:PRESSROOM","description":"Das Online Tool f\u00fcr moderne Pressearbeit","potentialAction":[{"@type":"SearchAction","target":{"@type":"EntryPoint","urlTemplate":"https:\/\/pressroom-rbt.com\/?s={search_term_string}"},"query-input":{"@type":"PropertyValueSpecification","valueRequired":true,"valueName":"search_term_string"}}],"inLanguage":"it-IT"},{"@type":"Person","@id":"https:\/\/pressroom-rbt.com\/#\/schema\/person\/e173c7e3bb1364adb6a733177a483e00","name":"Nathalie Stellmann"}]}},"_links":{"self":[{"href":"https:\/\/pressroom-rbt.com\/it\/wp-json\/wp\/v2\/posts\/50332","targetHints":{"allow":["GET"]}}],"collection":[{"href":"https:\/\/pressroom-rbt.com\/it\/wp-json\/wp\/v2\/posts"}],"about":[{"href":"https:\/\/pressroom-rbt.com\/it\/wp-json\/wp\/v2\/types\/post"}],"author":[{"embeddable":true,"href":"https:\/\/pressroom-rbt.com\/it\/wp-json\/wp\/v2\/users\/49"}],"replies":[{"embeddable":true,"href":"https:\/\/pressroom-rbt.com\/it\/wp-json\/wp\/v2\/comments?post=50332"}],"version-history":[{"count":1,"href":"https:\/\/pressroom-rbt.com\/it\/wp-json\/wp\/v2\/posts\/50332\/revisions"}],"predecessor-version":[{"id":50337,"href":"https:\/\/pressroom-rbt.com\/it\/wp-json\/wp\/v2\/posts\/50332\/revisions\/50337"}],"wp:featuredmedia":[{"embeddable":true,"href":"https:\/\/pressroom-rbt.com\/it\/wp-json\/wp\/v2\/media\/50313"}],"wp:attachment":[{"href":"https:\/\/pressroom-rbt.com\/it\/wp-json\/wp\/v2\/media?parent=50332"}],"wp:term":[{"taxonomy":"category","embeddable":true,"href":"https:\/\/pressroom-rbt.com\/it\/wp-json\/wp\/v2\/categories?post=50332"},{"taxonomy":"post_tag","embeddable":true,"href":"https:\/\/pressroom-rbt.com\/it\/wp-json\/wp\/v2\/tags?post=50332"}],"curies":[{"name":"wp","href":"https:\/\/api.w.org\/{rel}","templated":true}]}}