{"id":50439,"date":"2026-09-03T09:42:57","date_gmt":"2026-09-03T07:42:57","guid":{"rendered":"https:\/\/pressroom-rbt.com\/?p=50439"},"modified":"2026-09-03T09:42:57","modified_gmt":"2026-09-03T07:42:57","slug":"feller-sa-lancia-sul-mercato-i-nuovi-sensori-di-temperatura-ambiente-wiser-by-feller-con-display","status":"publish","type":"post","link":"https:\/\/pressroom-rbt.com\/it\/feller-sa-lancia-sul-mercato-i-nuovi-sensori-di-temperatura-ambiente-wiser-by-feller-con-display\/","title":{"rendered":"Feller SA lancia sul mercato i nuovi sensori di temperatura ambiente Wiser by Feller con display"},"content":{"rendered":"<p>Con il nuovo sensore di temperatura ambiente Wiser con display e il sensore di temperatura ambiente Wiser CO\u2082 con display, Feller SA di Horgen amplia da subito la propria offerta per la regolazione intelligente del clima ambiente. I nuovi dispositivi consentono una regolazione precisa e confortevole della temperatura e \u2013 a seconda della versione \u2013 il monitoraggio della qualit\u00e0 dell&#8217;aria e dell&#8217;umidit\u00e0, nonch\u00e9 automazioni intelligenti del clima ambiente.<\/p>\n<p>I nuovi sensori completano la regolazione della temperatura ambiente Wiser e sono integrabili in modo flessibile in impianti nuovi o esistenti. Il sistema \u00e8 costituito da uno o pi\u00f9 regolatori di riscaldamento Wiser con attuatori collegati e dai relativi sensori di temperatura ambiente. Grazie al filo di comunicazione K+, alla semplice messa in servizio e alla possibilit\u00e0 di installazione a posteriori plug-and-play, gli installatori beneficiano di un&#8217;installazione rapida ed economica \u2013 anche senza apparecchi WLAN o app \u2013 mentre i residenti possono controllare il clima ambiente tramite il display touch, l\u2019app Wiser Home o funzioni automatizzate.<\/p>\n<p>\u00abUna buona qualit\u00e0 dell&#8217;aria, un utilizzo degli edifici efficiente dal punto di vista energetico e una rete intelligente sono oggi tra i requisiti centrali degli spazi abitativi moderni. Con i nuovi sensori di temperatura ambiente Wiser con display non solo otteniamo una regolazione precisa del riscaldamento, ma creiamo anche le basi per soluzioni automatizzate per il clima ambiente che aumentano il comfort abitativo e possono contemporaneamente aiutare a utilizzare l&#8217;energia in modo pi\u00f9 consapevole\u00bb, afferma Niko Ryh\u00e4nen, Future Offer and Innovation Manager presso Feller SA.<\/p>\n<p><strong>Due varianti di sensore per diverse applicazioni<\/strong><\/p>\n<p>Il sensore di temperatura ambiente Wiser con display senza sensore di CO\u2082 \u00e8 adatto per una regolazione precisa della temperatura e convince grazie al suo utilizzo intuitivo tramite il display touch. Inoltre, pu\u00f2 attivare automazioni basate sulla temperatura, in cui, ad esempio, le tende vengono portate in una posizione di ombreggiamento non appena la temperatura interna supera una soglia definita.<\/p>\n<p>La variante CO\u2082 amplia la gamma di funzioni con un sensore per la qualit\u00e0 dell&#8217;aria e l&#8217;umidit\u00e0. Pu\u00f2 essere utilizzata anche indipendentemente dalla regolazione del riscaldamento, come indicatore autonomo per la qualit\u00e0 dell&#8217;aria, la temperatura e l&#8217;umidit\u00e0 o come sensore per le regolazioni automatiche del clima ambiente. Se la concentrazione di CO\u2082 o l&#8217;umidit\u00e0 dell&#8217;aria superano una soglia definita, \u00e8 possibile, ad esempio, accendere automaticamente i ventilatori o aprire le finestre motorizzate.<\/p>\n<p>Un indicatore della qualit\u00e0 dell&#8217;aria di facile comprensione direttamente sul display fornisce a colpo d&#8217;occhio informazioni sulla qualit\u00e0 dell&#8217;aria attuale \u2013 verde per buona, giallo per moderata, rosso per scarsa \u2013 e favorisce cos\u00ec un comportamento pi\u00f9 consapevole nell\u2019aerazione degli ambienti. I valori limite dell&#8217;indicatore della qualit\u00e0 dell&#8217;aria e altre funzioni possono essere impostati direttamente tramite l&#8217;interfaccia utente intuitiva del display touch. Nelle applicazioni connesse, \u00e8 possibile in alternativa anche un controllo remoto di entrambe le varianti di sensore tramite l&#8217;app Wiser Home.<\/p>\n<p><strong>Installazione semplice senza ulteriori lavori di cablaggio<\/strong><\/p>\n<p>Il sistema offre vantaggi pratici non solo durante il funzionamento, ma anche durante l&#8217;installazione. Grazie al filo di comunicazione K+, non \u00e8 necessario il cablaggio separato di ogni sensore con la distribuzione del circuito di riscaldamento. Ci\u00f2 riduce i lavori di installazione, il materiale necessario e i tempi di montaggio. Poich\u00e9 i sensori di temperatura ambiente Wiser con display possono essere utilizzati anche senza apparecchio WLAN, sono adatti anche a diverse applicazioni: dalla semplice regolazione del riscaldamento a piccoli sistemi connessi, fino alla soluzione completa Connected Home. Il montaggio a scelta con il sistema di fissaggio <a href=\"https:\/\/www.feller.ch\/it\/sortiment\/snapfix\">SNAPFIX\u00ae<\/a> oppure col sistema a baionetta garantisce una maggiore flessibilit\u00e0.<\/p>\n<p><strong>Facile ammodernamento di impianti esistenti<\/strong><\/p>\n<p>Anche i sensori di temperatura ambiente Wiser gi\u00e0 installati possono essere facilmente aggiornati alla nuova variante con display. La sostituzione del precedente comando con la nuova variante con display avviene con sistema plug-and-play, senza necessit\u00e0 di una nuova programmazione tramite l&#8217;app Wiser eSetup. Il display touch offre funzioni aggiuntive come il blocco schermo, ad esempio per le camerette dei bambini, l&#8217;impostazione delle temperature minime e massime, la regolazione della luminosit\u00e0 e una funzione di calibrazione.<\/p>\n<p>I sensori sono disponibili nelle linee di design <a href=\"https:\/\/www.feller.ch\/it\/designlinien\/edizioliv\">EDIZIO.liv<\/a>, <a href=\"https:\/\/www.feller.ch\/it\/designlinien\/edizioliv-prestige\">EDIZIO.liv prestige<\/a>, <a href=\"https:\/\/www.feller.ch\/it\/designlinien\/standarddue\">STANDARDdue<\/a> e <a href=\"https:\/\/www.feller.ch\/it\/designlinien\/ediziodue-colore\">EDIZIOdue colore<\/a>.<\/p>\n<p>Ulteriori informazioni sui sensori di temperatura ambiente Wiser by Feller con display sono disponibili su: <a href=\"http:\/\/www.feller.ch\/regolazione-temperatura\">feller.ch\/regolazione-temperatura<\/a><\/p>\n<input class=\"fooboxshare_post_id\" type=\"hidden\" value=\"50439\"\/>","protected":false},"excerpt":{"rendered":"<p>I nuovi dispositivi combinano una regolazione precisa della temperatura, un indicatore della qualit\u00e0 dell&#8217;aria e funzioni di automazione intelligenti, consentendo al contempo un&#8217;installazione semplice.<\/p>\n","protected":false},"author":49,"featured_media":50422,"comment_status":"closed","ping_status":"closed","sticky":false,"template":"","format":"standard","meta":{"_acf_changed":false,"footnotes":""},"categories":[2060,2058,2057],"tags":[541],"class_list":{"0":"post-50439","1":"post","2":"type-post","3":"status-publish","4":"format-standard","5":"has-post-thumbnail","7":"category-automazione-degli-edifici","8":"category-casa-intelligente","9":"category-edificio","10":"tag-feller-ag-it"},"acf":[],"yoast_head":"<!-- This site is optimized with the Yoast SEO plugin v27.8 - https:\/\/yoast.com\/product\/yoast-seo-wordpress\/ -->\n<title>Feller SA lancia sul mercato i nuovi sensori di temperatura ambiente Wiser by Feller con display - rbt:PRESSROOM<\/title>\n<meta name=\"robots\" content=\"index, follow, max-snippet:-1, max-image-preview:large, max-video-preview:-1\" \/>\n<link rel=\"canonical\" href=\"https:\/\/pressroom-rbt.com\/it\/feller-sa-lancia-sul-mercato-i-nuovi-sensori-di-temperatura-ambiente-wiser-by-feller-con-display\/\" \/>\n<meta property=\"og:locale\" content=\"it_IT\" \/>\n<meta property=\"og:type\" content=\"article\" \/>\n<meta property=\"og:title\" content=\"Feller SA lancia sul mercato i nuovi sensori di temperatura ambiente Wiser by Feller con display - rbt:PRESSROOM\" \/>\n<meta property=\"og:description\" content=\"I nuovi dispositivi combinano una regolazione precisa della temperatura, un indicatore della qualit\u00e0 dell&#039;aria e funzioni di automazione intelligenti, consentendo al contempo un&#039;installazione semplice.\" \/>\n<meta property=\"og:url\" content=\"https:\/\/pressroom-rbt.com\/it\/feller-sa-lancia-sul-mercato-i-nuovi-sensori-di-temperatura-ambiente-wiser-by-feller-con-display\/\" \/>\n<meta property=\"og:site_name\" content=\"rbt:PRESSROOM\" \/>\n<meta property=\"article:published_time\" content=\"2026-09-03T07:42:57+00:00\" \/>\n<meta property=\"og:image\" content=\"https:\/\/pressroom-rbt.com\/rbt\/uploads\/2026\/09\/Feller_WbF_Display-Thermostat_Stimmungsbild_1.jpg\" \/>\n\t<meta property=\"og:image:width\" content=\"1920\" \/>\n\t<meta property=\"og:image:height\" content=\"1080\" \/>\n\t<meta property=\"og:image:type\" content=\"image\/jpeg\" \/>\n<meta name=\"author\" content=\"Nathalie Stellmann\" \/>\n<meta name=\"twitter:card\" content=\"summary_large_image\" \/>\n<meta name=\"twitter:label1\" content=\"Scritto da\" \/>\n\t<meta name=\"twitter:data1\" content=\"Nathalie Stellmann\" \/>\n\t<meta name=\"twitter:label2\" content=\"Tempo di lettura stimato\" \/>\n\t<meta name=\"twitter:data2\" content=\"5 minuti\" \/>\n<script type=\"application\/ld+json\" class=\"yoast-schema-graph\">{\"@context\":\"https:\\\/\\\/schema.org\",\"@graph\":[{\"@type\":\"Article\",\"@id\":\"https:\\\/\\\/pressroom-rbt.com\\\/it\\\/feller-sa-lancia-sul-mercato-i-nuovi-sensori-di-temperatura-ambiente-wiser-by-feller-con-display\\\/#article\",\"isPartOf\":{\"@id\":\"https:\\\/\\\/pressroom-rbt.com\\\/it\\\/feller-sa-lancia-sul-mercato-i-nuovi-sensori-di-temperatura-ambiente-wiser-by-feller-con-display\\\/\"},\"author\":{\"name\":\"Nathalie Stellmann\",\"@id\":\"https:\\\/\\\/pressroom-rbt.com\\\/#\\\/schema\\\/person\\\/e173c7e3bb1364adb6a733177a483e00\"},\"headline\":\"Feller SA lancia sul mercato i nuovi sensori di temperatura ambiente Wiser by Feller con display\",\"datePublished\":\"2026-09-03T07:42:57+00:00\",\"mainEntityOfPage\":{\"@id\":\"https:\\\/\\\/pressroom-rbt.com\\\/it\\\/feller-sa-lancia-sul-mercato-i-nuovi-sensori-di-temperatura-ambiente-wiser-by-feller-con-display\\\/\"},\"wordCount\":728,\"image\":{\"@id\":\"https:\\\/\\\/pressroom-rbt.com\\\/it\\\/feller-sa-lancia-sul-mercato-i-nuovi-sensori-di-temperatura-ambiente-wiser-by-feller-con-display\\\/#primaryimage\"},\"thumbnailUrl\":\"https:\\\/\\\/pressroom-rbt.com\\\/rbt\\\/uploads\\\/2026\\\/09\\\/Feller_WbF_Display-Thermostat_Stimmungsbild_1.jpg\",\"keywords\":[\"Feller AG\"],\"articleSection\":[\"Automazione degli edifici\",\"Casa intelligente\",\"Edificio\"],\"inLanguage\":\"it-IT\"},{\"@type\":\"WebPage\",\"@id\":\"https:\\\/\\\/pressroom-rbt.com\\\/it\\\/feller-sa-lancia-sul-mercato-i-nuovi-sensori-di-temperatura-ambiente-wiser-by-feller-con-display\\\/\",\"url\":\"https:\\\/\\\/pressroom-rbt.com\\\/it\\\/feller-sa-lancia-sul-mercato-i-nuovi-sensori-di-temperatura-ambiente-wiser-by-feller-con-display\\\/\",\"name\":\"Feller SA lancia sul mercato i nuovi sensori di temperatura ambiente Wiser by Feller con display - rbt:PRESSROOM\",\"isPartOf\":{\"@id\":\"https:\\\/\\\/pressroom-rbt.com\\\/#website\"},\"primaryImageOfPage\":{\"@id\":\"https:\\\/\\\/pressroom-rbt.com\\\/it\\\/feller-sa-lancia-sul-mercato-i-nuovi-sensori-di-temperatura-ambiente-wiser-by-feller-con-display\\\/#primaryimage\"},\"image\":{\"@id\":\"https:\\\/\\\/pressroom-rbt.com\\\/it\\\/feller-sa-lancia-sul-mercato-i-nuovi-sensori-di-temperatura-ambiente-wiser-by-feller-con-display\\\/#primaryimage\"},\"thumbnailUrl\":\"https:\\\/\\\/pressroom-rbt.com\\\/rbt\\\/uploads\\\/2026\\\/09\\\/Feller_WbF_Display-Thermostat_Stimmungsbild_1.jpg\",\"datePublished\":\"2026-09-03T07:42:57+00:00\",\"author\":{\"@id\":\"https:\\\/\\\/pressroom-rbt.com\\\/#\\\/schema\\\/person\\\/e173c7e3bb1364adb6a733177a483e00\"},\"breadcrumb\":{\"@id\":\"https:\\\/\\\/pressroom-rbt.com\\\/it\\\/feller-sa-lancia-sul-mercato-i-nuovi-sensori-di-temperatura-ambiente-wiser-by-feller-con-display\\\/#breadcrumb\"},\"inLanguage\":\"it-IT\",\"potentialAction\":[{\"@type\":\"ReadAction\",\"target\":[\"https:\\\/\\\/pressroom-rbt.com\\\/it\\\/feller-sa-lancia-sul-mercato-i-nuovi-sensori-di-temperatura-ambiente-wiser-by-feller-con-display\\\/\"]}]},{\"@type\":\"ImageObject\",\"inLanguage\":\"it-IT\",\"@id\":\"https:\\\/\\\/pressroom-rbt.com\\\/it\\\/feller-sa-lancia-sul-mercato-i-nuovi-sensori-di-temperatura-ambiente-wiser-by-feller-con-display\\\/#primaryimage\",\"url\":\"https:\\\/\\\/pressroom-rbt.com\\\/rbt\\\/uploads\\\/2026\\\/09\\\/Feller_WbF_Display-Thermostat_Stimmungsbild_1.jpg\",\"contentUrl\":\"https:\\\/\\\/pressroom-rbt.com\\\/rbt\\\/uploads\\\/2026\\\/09\\\/Feller_WbF_Display-Thermostat_Stimmungsbild_1.jpg\",\"width\":1920,\"height\":1080},{\"@type\":\"BreadcrumbList\",\"@id\":\"https:\\\/\\\/pressroom-rbt.com\\\/it\\\/feller-sa-lancia-sul-mercato-i-nuovi-sensori-di-temperatura-ambiente-wiser-by-feller-con-display\\\/#breadcrumb\",\"itemListElement\":[{\"@type\":\"ListItem\",\"position\":1,\"name\":\"Startseite\",\"item\":\"https:\\\/\\\/pressroom-rbt.com\\\/it\\\/\"},{\"@type\":\"ListItem\",\"position\":2,\"name\":\"Feller SA lancia sul mercato i nuovi sensori di temperatura ambiente Wiser by Feller con display\"}]},{\"@type\":\"WebSite\",\"@id\":\"https:\\\/\\\/pressroom-rbt.com\\\/#website\",\"url\":\"https:\\\/\\\/pressroom-rbt.com\\\/\",\"name\":\"rbt:PRESSROOM\",\"description\":\"Das Online Tool f\u00fcr moderne Pressearbeit\",\"potentialAction\":[{\"@type\":\"SearchAction\",\"target\":{\"@type\":\"EntryPoint\",\"urlTemplate\":\"https:\\\/\\\/pressroom-rbt.com\\\/?s={search_term_string}\"},\"query-input\":{\"@type\":\"PropertyValueSpecification\",\"valueRequired\":true,\"valueName\":\"search_term_string\"}}],\"inLanguage\":\"it-IT\"},{\"@type\":\"Person\",\"@id\":\"https:\\\/\\\/pressroom-rbt.com\\\/#\\\/schema\\\/person\\\/e173c7e3bb1364adb6a733177a483e00\",\"name\":\"Nathalie Stellmann\"}]}<\/script>\n<!-- \/ Yoast SEO plugin. -->","yoast_head_json":{"title":"Feller SA lancia sul mercato i nuovi sensori di temperatura ambiente Wiser by Feller con display - rbt:PRESSROOM","robots":{"index":"index","follow":"follow","max-snippet":"max-snippet:-1","max-image-preview":"max-image-preview:large","max-video-preview":"max-video-preview:-1"},"canonical":"https:\/\/pressroom-rbt.com\/it\/feller-sa-lancia-sul-mercato-i-nuovi-sensori-di-temperatura-ambiente-wiser-by-feller-con-display\/","og_locale":"it_IT","og_type":"article","og_title":"Feller SA lancia sul mercato i nuovi sensori di temperatura ambiente Wiser by Feller con display - rbt:PRESSROOM","og_description":"I nuovi dispositivi combinano una regolazione precisa della temperatura, un indicatore della qualit\u00e0 dell'aria e funzioni di automazione intelligenti, consentendo al contempo un'installazione semplice.","og_url":"https:\/\/pressroom-rbt.com\/it\/feller-sa-lancia-sul-mercato-i-nuovi-sensori-di-temperatura-ambiente-wiser-by-feller-con-display\/","og_site_name":"rbt:PRESSROOM","article_published_time":"2026-09-03T07:42:57+00:00","og_image":[{"width":1920,"height":1080,"url":"https:\/\/pressroom-rbt.com\/rbt\/uploads\/2026\/09\/Feller_WbF_Display-Thermostat_Stimmungsbild_1.jpg","type":"image\/jpeg"}],"author":"Nathalie Stellmann","twitter_card":"summary_large_image","twitter_misc":{"Scritto da":"Nathalie Stellmann","Tempo di lettura stimato":"5 minuti"},"schema":{"@context":"https:\/\/schema.org","@graph":[{"@type":"Article","@id":"https:\/\/pressroom-rbt.com\/it\/feller-sa-lancia-sul-mercato-i-nuovi-sensori-di-temperatura-ambiente-wiser-by-feller-con-display\/#article","isPartOf":{"@id":"https:\/\/pressroom-rbt.com\/it\/feller-sa-lancia-sul-mercato-i-nuovi-sensori-di-temperatura-ambiente-wiser-by-feller-con-display\/"},"author":{"name":"Nathalie Stellmann","@id":"https:\/\/pressroom-rbt.com\/#\/schema\/person\/e173c7e3bb1364adb6a733177a483e00"},"headline":"Feller SA lancia sul mercato i nuovi sensori di temperatura ambiente Wiser by Feller con display","datePublished":"2026-09-03T07:42:57+00:00","mainEntityOfPage":{"@id":"https:\/\/pressroom-rbt.com\/it\/feller-sa-lancia-sul-mercato-i-nuovi-sensori-di-temperatura-ambiente-wiser-by-feller-con-display\/"},"wordCount":728,"image":{"@id":"https:\/\/pressroom-rbt.com\/it\/feller-sa-lancia-sul-mercato-i-nuovi-sensori-di-temperatura-ambiente-wiser-by-feller-con-display\/#primaryimage"},"thumbnailUrl":"https:\/\/pressroom-rbt.com\/rbt\/uploads\/2026\/09\/Feller_WbF_Display-Thermostat_Stimmungsbild_1.jpg","keywords":["Feller AG"],"articleSection":["Automazione degli edifici","Casa intelligente","Edificio"],"inLanguage":"it-IT"},{"@type":"WebPage","@id":"https:\/\/pressroom-rbt.com\/it\/feller-sa-lancia-sul-mercato-i-nuovi-sensori-di-temperatura-ambiente-wiser-by-feller-con-display\/","url":"https:\/\/pressroom-rbt.com\/it\/feller-sa-lancia-sul-mercato-i-nuovi-sensori-di-temperatura-ambiente-wiser-by-feller-con-display\/","name":"Feller SA lancia sul mercato i nuovi sensori di temperatura ambiente Wiser by Feller con display - rbt:PRESSROOM","isPartOf":{"@id":"https:\/\/pressroom-rbt.com\/#website"},"primaryImageOfPage":{"@id":"https:\/\/pressroom-rbt.com\/it\/feller-sa-lancia-sul-mercato-i-nuovi-sensori-di-temperatura-ambiente-wiser-by-feller-con-display\/#primaryimage"},"image":{"@id":"https:\/\/pressroom-rbt.com\/it\/feller-sa-lancia-sul-mercato-i-nuovi-sensori-di-temperatura-ambiente-wiser-by-feller-con-display\/#primaryimage"},"thumbnailUrl":"https:\/\/pressroom-rbt.com\/rbt\/uploads\/2026\/09\/Feller_WbF_Display-Thermostat_Stimmungsbild_1.jpg","datePublished":"2026-09-03T07:42:57+00:00","author":{"@id":"https:\/\/pressroom-rbt.com\/#\/schema\/person\/e173c7e3bb1364adb6a733177a483e00"},"breadcrumb":{"@id":"https:\/\/pressroom-rbt.com\/it\/feller-sa-lancia-sul-mercato-i-nuovi-sensori-di-temperatura-ambiente-wiser-by-feller-con-display\/#breadcrumb"},"inLanguage":"it-IT","potentialAction":[{"@type":"ReadAction","target":["https:\/\/pressroom-rbt.com\/it\/feller-sa-lancia-sul-mercato-i-nuovi-sensori-di-temperatura-ambiente-wiser-by-feller-con-display\/"]}]},{"@type":"ImageObject","inLanguage":"it-IT","@id":"https:\/\/pressroom-rbt.com\/it\/feller-sa-lancia-sul-mercato-i-nuovi-sensori-di-temperatura-ambiente-wiser-by-feller-con-display\/#primaryimage","url":"https:\/\/pressroom-rbt.com\/rbt\/uploads\/2026\/09\/Feller_WbF_Display-Thermostat_Stimmungsbild_1.jpg","contentUrl":"https:\/\/pressroom-rbt.com\/rbt\/uploads\/2026\/09\/Feller_WbF_Display-Thermostat_Stimmungsbild_1.jpg","width":1920,"height":1080},{"@type":"BreadcrumbList","@id":"https:\/\/pressroom-rbt.com\/it\/feller-sa-lancia-sul-mercato-i-nuovi-sensori-di-temperatura-ambiente-wiser-by-feller-con-display\/#breadcrumb","itemListElement":[{"@type":"ListItem","position":1,"name":"Startseite","item":"https:\/\/pressroom-rbt.com\/it\/"},{"@type":"ListItem","position":2,"name":"Feller SA lancia sul mercato i nuovi sensori di temperatura ambiente Wiser by Feller con display"}]},{"@type":"WebSite","@id":"https:\/\/pressroom-rbt.com\/#website","url":"https:\/\/pressroom-rbt.com\/","name":"rbt:PRESSROOM","description":"Das Online Tool f\u00fcr moderne Pressearbeit","potentialAction":[{"@type":"SearchAction","target":{"@type":"EntryPoint","urlTemplate":"https:\/\/pressroom-rbt.com\/?s={search_term_string}"},"query-input":{"@type":"PropertyValueSpecification","valueRequired":true,"valueName":"search_term_string"}}],"inLanguage":"it-IT"},{"@type":"Person","@id":"https:\/\/pressroom-rbt.com\/#\/schema\/person\/e173c7e3bb1364adb6a733177a483e00","name":"Nathalie Stellmann"}]}},"_links":{"self":[{"href":"https:\/\/pressroom-rbt.com\/it\/wp-json\/wp\/v2\/posts\/50439","targetHints":{"allow":["GET"]}}],"collection":[{"href":"https:\/\/pressroom-rbt.com\/it\/wp-json\/wp\/v2\/posts"}],"about":[{"href":"https:\/\/pressroom-rbt.com\/it\/wp-json\/wp\/v2\/types\/post"}],"author":[{"embeddable":true,"href":"https:\/\/pressroom-rbt.com\/it\/wp-json\/wp\/v2\/users\/49"}],"replies":[{"embeddable":true,"href":"https:\/\/pressroom-rbt.com\/it\/wp-json\/wp\/v2\/comments?post=50439"}],"version-history":[{"count":1,"href":"https:\/\/pressroom-rbt.com\/it\/wp-json\/wp\/v2\/posts\/50439\/revisions"}],"predecessor-version":[{"id":50444,"href":"https:\/\/pressroom-rbt.com\/it\/wp-json\/wp\/v2\/posts\/50439\/revisions\/50444"}],"wp:featuredmedia":[{"embeddable":true,"href":"https:\/\/pressroom-rbt.com\/it\/wp-json\/wp\/v2\/media\/50422"}],"wp:attachment":[{"href":"https:\/\/pressroom-rbt.com\/it\/wp-json\/wp\/v2\/media?parent=50439"}],"wp:term":[{"taxonomy":"category","embeddable":true,"href":"https:\/\/pressroom-rbt.com\/it\/wp-json\/wp\/v2\/categories?post=50439"},{"taxonomy":"post_tag","embeddable":true,"href":"https:\/\/pressroom-rbt.com\/it\/wp-json\/wp\/v2\/tags?post=50439"}],"curies":[{"name":"wp","href":"https:\/\/api.w.org\/{rel}","templated":true}]}}